{"id":4406,"date":"2025-01-09T11:30:37","date_gmt":"2025-01-09T17:30:37","guid":{"rendered":"https:\/\/veracruzanosexcepcionahles.com\/?p=4406"},"modified":"2025-01-09T11:30:38","modified_gmt":"2025-01-09T17:30:38","slug":"preservacion-cultural-y-lenguas-originarias-prioridad-de-secver","status":"publish","type":"post","link":"https:\/\/veracruzanosexcepcionahles.com\/index.php\/2025\/01\/09\/preservacion-cultural-y-lenguas-originarias-prioridad-de-secver\/","title":{"rendered":"Preservaci\u00f3n cultural y lenguas originarias, prioridad de SECVER"},"content":{"rendered":"\n<p><\/p>\n\n\n\n<p>&gt;La Candelaria, Cumbre Taj\u00edn y el Festival de las Culturas, ejes de la agenda cultural para este a\u00f1o.<\/p>\n\n\n\n<p><strong>Orizaba, Ver., jueves 09 de enero de 2025.- <\/strong>Con la participaci\u00f3n de promotores y ciudadanos, la Secretar\u00eda de Cultura de Veracruz (SECVER) recab\u00f3, discuti\u00f3 y analiz\u00f3 diversas propuestas para la promoci\u00f3n y difusi\u00f3n de la riqueza cultural en el marco del Plan Veracruzano de Desarrollo 2025-2030.<\/p>\n\n\n\n<p>En el Foro Regional de Participaci\u00f3n Ciudadana para el Bienestar Social, la titular de la dependencia, X\u00f3chitl Molina Gonz\u00e1lez, destac\u00f3 que uno de los esfuerzos se centra en preservar las lenguas originarias, en coordinaci\u00f3n con la Secretar\u00eda de Educaci\u00f3n de Veracruz.<\/p>\n\n\n\n<p>Adem\u00e1s, ha programado una serie de festivales en diferentes destinos para poner a Veracruz de moda a nivel nacional e internacional, estrategia puesta en marcha por la gobernadora Roc\u00edo Nahle Garc\u00eda.<\/p>\n\n\n\n<p>En febrero, La Candelaria en Tlacotalpan; en marzo, el Festival Cumbre Taj\u00edn en la zona arqueol\u00f3gica de Papantla; y en mayo, el Primer Festival de las Culturas en Veracruz.<\/p>\n\n\n\n<p>Finalmente, invit\u00f3 a la ciudadan\u00eda a contribuir al bienestar de las familias dedicadas a preservar las manifestaciones culturales mediante la adquisici\u00f3n de artesan\u00edas, textiles, productos agropecuarios y plantas medicinales.<\/p>\n\n\n\n<p>&#8212;000&#8212;<\/p>\n","protected":false},"excerpt":{"rendered":"<p>&gt;La Candelaria, Cumbre Taj\u00edn y el Festival de las Culturas, ejes de la agenda cultural para este a\u00f1o. Orizaba, Ver., jueves 09 de enero de 2025.- Con la participaci\u00f3n de promotores y ciudadanos, la Secretar\u00eda de Cultura de Veracruz (SECVER) recab\u00f3, discuti\u00f3 y analiz\u00f3 diversas propuestas para la promoci\u00f3n y difusi\u00f3n de la riqueza cultural&#8230;<\/p>\n","protected":false},"author":2,"featured_media":4407,"comment_status":"closed","ping_status":"closed","sticky":false,"template":"","format":"standard","meta":{"_jetpack_memberships_contains_paid_content":false,"footnotes":"","jetpack_publicize_message":"","jetpack_publicize_feature_enabled":true,"jetpack_social_post_already_shared":true,"jetpack_social_options":{"image_generator_settings":{"template":"highway","default_image_id":0,"font":"","enabled":false},"version":2}},"categories":[2],"tags":[],"class_list":["post-4406","post","type-post","status-publish","format-standard","has-post-thumbnail","hentry","category-gobiernoestatal"],"jetpack_publicize_connections":[],"jetpack_featured_media_url":"https:\/\/veracruzanosexcepcionahles.com\/wp-content\/uploads\/2025\/01\/WhatsApp-Image-2025-01-09-at-8.10.54-AM.jpeg","jetpack_sharing_enabled":true,"jetpack_likes_enabled":true,"jetpack_shortlink":"https:\/\/wp.me\/pe8dhK-194","_links":{"self":[{"href":"https:\/\/veracruzanosexcepcionahles.com\/index.php\/wp-json\/wp\/v2\/posts\/4406","targetHints":{"allow":["GET"]}}],"collection":[{"href":"https:\/\/veracruzanosexcepcionahles.com\/index.php\/wp-json\/wp\/v2\/posts"}],"about":[{"href":"https:\/\/veracruzanosexcepcionahles.com\/index.php\/wp-json\/wp\/v2\/types\/post"}],"author":[{"embeddable":true,"href":"https:\/\/veracruzanosexcepcionahles.com\/index.php\/wp-json\/wp\/v2\/users\/2"}],"replies":[{"embeddable":true,"href":"https:\/\/veracruzanosexcepcionahles.com\/index.php\/wp-json\/wp\/v2\/comments?post=4406"}],"version-history":[{"count":1,"href":"https:\/\/veracruzanosexcepcionahles.com\/index.php\/wp-json\/wp\/v2\/posts\/4406\/revisions"}],"predecessor-version":[{"id":4408,"href":"https:\/\/veracruzanosexcepcionahles.com\/index.php\/wp-json\/wp\/v2\/posts\/4406\/revisions\/4408"}],"wp:featuredmedia":[{"embeddable":true,"href":"https:\/\/veracruzanosexcepcionahles.com\/index.php\/wp-json\/wp\/v2\/media\/4407"}],"wp:attachment":[{"href":"https:\/\/veracruzanosexcepcionahles.com\/index.php\/wp-json\/wp\/v2\/media?parent=4406"}],"wp:term":[{"taxonomy":"category","embeddable":true,"href":"https:\/\/veracruzanosexcepcionahles.com\/index.php\/wp-json\/wp\/v2\/categories?post=4406"},{"taxonomy":"post_tag","embeddable":true,"href":"https:\/\/veracruzanosexcepcionahles.com\/index.php\/wp-json\/wp\/v2\/tags?post=4406"}],"curies":[{"name":"wp","href":"https:\/\/api.w.org\/{rel}","templated":true}]}}