{"id":4391,"date":"2025-01-09T10:27:08","date_gmt":"2025-01-09T16:27:08","guid":{"rendered":"https:\/\/veracruzanosexcepcionahles.com\/?p=4391"},"modified":"2025-01-09T10:30:30","modified_gmt":"2025-01-09T16:30:30","slug":"carmen-mora-garcia-buscara-la-candidatura-a-la-presidencia-municipal-de-coatepec","status":"publish","type":"post","link":"https:\/\/veracruzanosexcepcionahles.com\/index.php\/2025\/01\/09\/carmen-mora-garcia-buscara-la-candidatura-a-la-presidencia-municipal-de-coatepec\/","title":{"rendered":"Carmen Mora Garc\u00eda se registr\u00f3 a la Presidencia municipal de Coatepec."},"content":{"rendered":"\n<figure class=\"wp-block-gallery has-nested-images columns-default is-cropped wp-block-gallery-1 is-layout-flex wp-block-gallery-is-layout-flex\">\n<figure class=\"wp-block-image size-large\"><img loading=\"lazy\" decoding=\"async\" width=\"717\" height=\"579\" data-id=\"4392\" src=\"https:\/\/veracruzanosexcepcionahles.com\/wp-content\/uploads\/2025\/01\/472801212_1015587883932185_2911905367252755974_n.jpg\" alt=\"\" class=\"wp-image-4392\" srcset=\"https:\/\/veracruzanosexcepcionahles.com\/wp-content\/uploads\/2025\/01\/472801212_1015587883932185_2911905367252755974_n.jpg 717w, https:\/\/veracruzanosexcepcionahles.com\/wp-content\/uploads\/2025\/01\/472801212_1015587883932185_2911905367252755974_n-300x242.jpg 300w\" sizes=\"auto, (max-width: 717px) 100vw, 717px\" \/><\/figure>\n\n\n\n<figure class=\"wp-block-image size-large\"><img loading=\"lazy\" decoding=\"async\" width=\"960\" height=\"720\" data-id=\"4393\" src=\"https:\/\/veracruzanosexcepcionahles.com\/wp-content\/uploads\/2025\/01\/472750323_998569728762342_7938498734558001238_n.jpg\" alt=\"\" class=\"wp-image-4393\" srcset=\"https:\/\/veracruzanosexcepcionahles.com\/wp-content\/uploads\/2025\/01\/472750323_998569728762342_7938498734558001238_n.jpg 960w, https:\/\/veracruzanosexcepcionahles.com\/wp-content\/uploads\/2025\/01\/472750323_998569728762342_7938498734558001238_n-300x225.jpg 300w, https:\/\/veracruzanosexcepcionahles.com\/wp-content\/uploads\/2025\/01\/472750323_998569728762342_7938498734558001238_n-768x576.jpg 768w\" sizes=\"auto, (max-width: 960px) 100vw, 960px\" \/><\/figure>\n<\/figure>\n\n\n\n<p>\/Por: Pepe Villegas<\/p>\n\n\n\n<p>Es la m\u00e1s fuerte aspirante que garantiza buenos resultados a <a href=\"https:\/\/www.facebook.com\/PartidoMorenaMx?__cft__[0]=AZWd8c9mDVTv1GXrCOsyJ-dwET_FZTfqqie-EDCYKWclwev9Da1eUXNAIezK5h6Q1ECfpGy1aS3sk132BkFv0jrIAdwDLwD1bO3VfdskH4Y-4NvW8iWNc9stkplh9Vzco_bc4SmGlQYfzuuYJgyDAGs7WFUCnLn0JPPB10cOCCPU6A&amp;__tn__=-]K-R\">Morena S\u00ed<\/a>, su experiencia y trayectoria pol\u00edtica y social, avalan est\u00e1 importante oportunidad de trabajar por los coatepecanos.<\/p>\n\n\n\n<p>Desde antes ya ha logrado el respaldo de los sectores pol\u00edticos, social y empresarial.<\/p>\n\n\n\n<p>Es <a><\/a>tiempo de mujeres y sin duda que Carmen Mora ser\u00e1 la elegida.<\/p>\n\n\n\n<p>En este sentido en la tierra de los cafetos existe mucho optimismo, al saber que hay diferentes opciones para que se sometan al procedimiento de elecci\u00f3n del candidato o candidata a contender por la Presidencia de Coatepec, mujeres y hombres que est\u00e1n realizando actividades al servicio de la sociedad m\u00e1s vulnerable como Carmen Mora, personas que han tenido la oportunidad de servir a las comunidades y que no son improvisados, son gente reconocida y que aman su tierra como la empresaria que a trav\u00e9s de sus empresas ha promovido la creaci\u00f3n de empleos en el sector tur\u00edstico, as\u00ed como de la industria de la tortilla.<\/p>\n\n\n\n<p>Carmen Mora cuenta desde hace tiempo con una estructura de base lista para trabajar en campa\u00f1a, tiene el respaldo de ciudadanos, comerciantes y empresarios para lograr la candidatura, es tiempo de las mujeres y ella es una que cumple con los requisitos necesarios para gobernar y construir el segundo piso de la transformaci\u00f3n en este bello pueblo m\u00e1gico.<\/p>\n","protected":false},"excerpt":{"rendered":"<p>\/Por: Pepe Villegas Es la m\u00e1s fuerte aspirante que garantiza buenos resultados a Morena S\u00ed, su experiencia y trayectoria pol\u00edtica y social, avalan est\u00e1 importante oportunidad de trabajar por los coatepecanos. Desde antes ya ha logrado el respaldo de los sectores pol\u00edticos, social y empresarial. Es tiempo de mujeres y sin duda que Carmen Mora&#8230;<\/p>\n","protected":false},"author":2,"featured_media":4392,"comment_status":"closed","ping_status":"closed","sticky":false,"template":"","format":"standard","meta":{"_jetpack_memberships_contains_paid_content":false,"footnotes":"","jetpack_publicize_message":"","jetpack_publicize_feature_enabled":true,"jetpack_social_post_already_shared":true,"jetpack_social_options":{"image_generator_settings":{"template":"highway","default_image_id":0,"font":"","enabled":false},"version":2}},"categories":[22],"tags":[],"class_list":["post-4391","post","type-post","status-publish","format-standard","has-post-thumbnail","hentry","category-editorial"],"jetpack_publicize_connections":[],"jetpack_featured_media_url":"https:\/\/veracruzanosexcepcionahles.com\/wp-content\/uploads\/2025\/01\/472801212_1015587883932185_2911905367252755974_n.jpg","jetpack_sharing_enabled":true,"jetpack_likes_enabled":true,"jetpack_shortlink":"https:\/\/wp.me\/pe8dhK-18P","_links":{"self":[{"href":"https:\/\/veracruzanosexcepcionahles.com\/index.php\/wp-json\/wp\/v2\/posts\/4391","targetHints":{"allow":["GET"]}}],"collection":[{"href":"https:\/\/veracruzanosexcepcionahles.com\/index.php\/wp-json\/wp\/v2\/posts"}],"about":[{"href":"https:\/\/veracruzanosexcepcionahles.com\/index.php\/wp-json\/wp\/v2\/types\/post"}],"author":[{"embeddable":true,"href":"https:\/\/veracruzanosexcepcionahles.com\/index.php\/wp-json\/wp\/v2\/users\/2"}],"replies":[{"embeddable":true,"href":"https:\/\/veracruzanosexcepcionahles.com\/index.php\/wp-json\/wp\/v2\/comments?post=4391"}],"version-history":[{"count":2,"href":"https:\/\/veracruzanosexcepcionahles.com\/index.php\/wp-json\/wp\/v2\/posts\/4391\/revisions"}],"predecessor-version":[{"id":4395,"href":"https:\/\/veracruzanosexcepcionahles.com\/index.php\/wp-json\/wp\/v2\/posts\/4391\/revisions\/4395"}],"wp:featuredmedia":[{"embeddable":true,"href":"https:\/\/veracruzanosexcepcionahles.com\/index.php\/wp-json\/wp\/v2\/media\/4392"}],"wp:attachment":[{"href":"https:\/\/veracruzanosexcepcionahles.com\/index.php\/wp-json\/wp\/v2\/media?parent=4391"}],"wp:term":[{"taxonomy":"category","embeddable":true,"href":"https:\/\/veracruzanosexcepcionahles.com\/index.php\/wp-json\/wp\/v2\/categories?post=4391"},{"taxonomy":"post_tag","embeddable":true,"href":"https:\/\/veracruzanosexcepcionahles.com\/index.php\/wp-json\/wp\/v2\/tags?post=4391"}],"curies":[{"name":"wp","href":"https:\/\/api.w.org\/{rel}","templated":true}]}}