{"id":4279,"date":"2025-01-03T22:30:30","date_gmt":"2025-01-04T04:30:30","guid":{"rendered":"https:\/\/veracruzanosexcepcionahles.com\/?p=4279"},"modified":"2025-01-03T22:30:34","modified_gmt":"2025-01-04T04:30:34","slug":"veracruz-promueve-el-reciclaje-con-la-campana-eco-navidad-participa-y-cuida-el-ambiente","status":"publish","type":"post","link":"https:\/\/veracruzanosexcepcionahles.com\/index.php\/2025\/01\/03\/veracruz-promueve-el-reciclaje-con-la-campana-eco-navidad-participa-y-cuida-el-ambiente\/","title":{"rendered":"Veracruz promueve el reciclaje con la campa\u00f1a Eco Navidad: \u00a1participa y cuida el ambiente!"},"content":{"rendered":"\n<p><strong>Xalapa, Ver., viernes 03 de enero de 2025.-<\/strong> La Secretar\u00eda de Medio Ambiente (SEDEMA), en coordinaci\u00f3n con los ayuntamientos, invita a la ciudadan\u00eda a participar en la campa\u00f1a Eco Navidad.<\/p>\n\n\n\n<p>Las y los ciudadanos interesados pueden llevar sus \u00e1rboles navide\u00f1os del 10 de enero al 28 de febrero a los centros de acopio m\u00e1s cercanos. Para m\u00e1s informaci\u00f3n, consultar: <a href=\"https:\/\/www.veracruz.gob.mx\/medioambiente\/econavidad\/\">https:\/\/www.veracruz.gob.mx\/medioambiente\/econavidad\/<\/a>.<\/p>\n\n\n\n<p>A trav\u00e9s de esta iniciativa se dar\u00e1 un correcto tratamiento a pinos utilizados durante las festividades decembrinas, fomentando su reciclaje y re\u00faso.<\/p>\n\n\n\n<p>Como parte de las acciones, la SEDEMA elaborar\u00e1n cercas para jardineras y producir\u00e1 composta; actualmente, participan 86 municipios y m\u00e1s de 180 centros de acopio, con la expectativa de recolectar m\u00e1s de 12 mil \u00e1rboles.<\/p>\n\n\n\n<p>Constribuyendo as\u00ed a prevenir la proliferaci\u00f3n de fauna nociva en zonas urbanas y reducir el volumen de residuos en los rellenos sanitarios, fortaleciendo as\u00ed las acciones de protecci\u00f3n al entorno natural.<\/p>\n\n\n\n<p>&#8212;000&#8212;<\/p>\n\n\n\n<p><strong>Veracruz promueve el reciclaje con la campa\u00f1a Eco Navidad: \u00a1participa y cuida el ambiente!<\/strong><\/p>\n\n\n\n<p><strong>Xalapa, Ver., viernes 03 de enero de 2025.-<\/strong> La Secretar\u00eda de Medio Ambiente (SEDEMA), en coordinaci\u00f3n con los ayuntamientos, invita a la ciudadan\u00eda a participar en la campa\u00f1a Eco Navidad.<\/p>\n\n\n\n<p>Las y los ciudadanos interesados pueden llevar sus \u00e1rboles navide\u00f1os del 10 de enero al 28 de febrero a los centros de acopio m\u00e1s cercanos. Para m\u00e1s informaci\u00f3n, consultar: <a href=\"https:\/\/www.veracruz.gob.mx\/medioambiente\/econavidad\/\">https:\/\/www.veracruz.gob.mx\/medioambiente\/econavidad\/<\/a>.<\/p>\n\n\n\n<p>A trav\u00e9s de esta iniciativa se dar\u00e1 un correcto tratamiento a pinos utilizados durante las festividades decembrinas, fomentando su reciclaje y re\u00faso.<\/p>\n\n\n\n<p>Como parte de las acciones, la SEDEMA elaborar\u00e1n cercas para jardineras y producir\u00e1 composta; actualmente, participan 86 municipios y m\u00e1s de 180 centros de acopio, con la expectativa de recolectar m\u00e1s de 12 mil \u00e1rboles.<\/p>\n\n\n\n<p>Constribuyendo as\u00ed a prevenir la proliferaci\u00f3n de fauna nociva en zonas urbanas y reducir el volumen de residuos en los rellenos sanitarios, fortaleciendo as\u00ed las acciones de protecci\u00f3n al entorno natural.<\/p>\n\n\n\n<p>&#8212;000&#8212;<\/p>\n","protected":false},"excerpt":{"rendered":"<p>Xalapa, Ver., viernes 03 de enero de 2025.- La Secretar\u00eda de Medio Ambiente (SEDEMA), en coordinaci\u00f3n con los ayuntamientos, invita a la ciudadan\u00eda a participar en la campa\u00f1a Eco Navidad. Las y los ciudadanos interesados pueden llevar sus \u00e1rboles navide\u00f1os del 10 de enero al 28 de febrero a los centros de acopio m\u00e1s cercanos&#8230;.<\/p>\n","protected":false},"author":2,"featured_media":4280,"comment_status":"closed","ping_status":"closed","sticky":false,"template":"","format":"standard","meta":{"_jetpack_memberships_contains_paid_content":false,"footnotes":"","jetpack_publicize_message":"","jetpack_publicize_feature_enabled":true,"jetpack_social_post_already_shared":true,"jetpack_social_options":{"image_generator_settings":{"template":"highway","default_image_id":0,"font":"","enabled":false},"version":2}},"categories":[2],"tags":[],"class_list":["post-4279","post","type-post","status-publish","format-standard","has-post-thumbnail","hentry","category-gobiernoestatal"],"jetpack_publicize_connections":[],"jetpack_featured_media_url":"https:\/\/veracruzanosexcepcionahles.com\/wp-content\/uploads\/2025\/01\/WhatsApp-Image-2025-01-03-at-4.52.42-PM.jpeg","jetpack_sharing_enabled":true,"jetpack_likes_enabled":true,"jetpack_shortlink":"https:\/\/wp.me\/pe8dhK-171","_links":{"self":[{"href":"https:\/\/veracruzanosexcepcionahles.com\/index.php\/wp-json\/wp\/v2\/posts\/4279","targetHints":{"allow":["GET"]}}],"collection":[{"href":"https:\/\/veracruzanosexcepcionahles.com\/index.php\/wp-json\/wp\/v2\/posts"}],"about":[{"href":"https:\/\/veracruzanosexcepcionahles.com\/index.php\/wp-json\/wp\/v2\/types\/post"}],"author":[{"embeddable":true,"href":"https:\/\/veracruzanosexcepcionahles.com\/index.php\/wp-json\/wp\/v2\/users\/2"}],"replies":[{"embeddable":true,"href":"https:\/\/veracruzanosexcepcionahles.com\/index.php\/wp-json\/wp\/v2\/comments?post=4279"}],"version-history":[{"count":1,"href":"https:\/\/veracruzanosexcepcionahles.com\/index.php\/wp-json\/wp\/v2\/posts\/4279\/revisions"}],"predecessor-version":[{"id":4281,"href":"https:\/\/veracruzanosexcepcionahles.com\/index.php\/wp-json\/wp\/v2\/posts\/4279\/revisions\/4281"}],"wp:featuredmedia":[{"embeddable":true,"href":"https:\/\/veracruzanosexcepcionahles.com\/index.php\/wp-json\/wp\/v2\/media\/4280"}],"wp:attachment":[{"href":"https:\/\/veracruzanosexcepcionahles.com\/index.php\/wp-json\/wp\/v2\/media?parent=4279"}],"wp:term":[{"taxonomy":"category","embeddable":true,"href":"https:\/\/veracruzanosexcepcionahles.com\/index.php\/wp-json\/wp\/v2\/categories?post=4279"},{"taxonomy":"post_tag","embeddable":true,"href":"https:\/\/veracruzanosexcepcionahles.com\/index.php\/wp-json\/wp\/v2\/tags?post=4279"}],"curies":[{"name":"wp","href":"https:\/\/api.w.org\/{rel}","templated":true}]}}