{"id":4276,"date":"2025-01-03T22:26:05","date_gmt":"2025-01-04T04:26:05","guid":{"rendered":"https:\/\/veracruzanosexcepcionahles.com\/?p=4276"},"modified":"2025-01-03T22:26:06","modified_gmt":"2025-01-04T04:26:06","slug":"por-su-talento-reciben-una-beca-97-estudiantes-del-instituto-superior-de-musica","status":"publish","type":"post","link":"https:\/\/veracruzanosexcepcionahles.com\/index.php\/2025\/01\/03\/por-su-talento-reciben-una-beca-97-estudiantes-del-instituto-superior-de-musica\/","title":{"rendered":"Por su talento, reciben una beca 97 estudiantes del Instituto Superior de M\u00fasica"},"content":{"rendered":"\n<p><\/p>\n\n\n\n<p>&gt;Apuesta SEV por la educaci\u00f3n art\u00edstica para crear un M\u00e9xico de paz.<\/p>\n\n\n\n<p><strong>Xalapa, Ver., viernes 03 de enero de 2025.-<\/strong> <a>Con la finalidad de impulsar el talento musical en ni\u00f1as, ni\u00f1os, adolescentes y j\u00f3venes, la Secretar\u00eda de Educaci\u00f3n (SEV), a trav\u00e9s del Instituto Superior de M\u00fasica del Estado de Veracruz (ISMEV), entreg\u00f3 97 becas al mismo n\u00famero de estudiantes.<\/a><\/p>\n\n\n\n<p>Este est\u00edmulo econ\u00f3mico es \u00fanico en M\u00e9xico y es una de las principales fortalezas de la instituci\u00f3n, gracias a ello, las y los estudiantes pueden continuar su formaci\u00f3n y evitar la deserci\u00f3n escolar.<\/p>\n\n\n\n<p>La titular de la SEV, Claudia Tello Espinosa, destac\u00f3 la importancia de la formaci\u00f3n art\u00edstica y la cultura para crear un M\u00e9xico de paz y justicia; por ejemplo con la m\u00fasica, que permite transmitir la belleza y sensibilidad de las cosas.<\/p>\n\n\n\n<p>\u201cHoy, con la gu\u00eda de la presidenta Claudia Sheinbaum y la gobernadora Roc\u00edo Nahle, tenemos un pa\u00eds y un estado m\u00e1s amorosos, y a pesar de los problemas en otros pa\u00edses, continuaremos buscando una patria independiente y soberana\u201d, expres\u00f3.<\/p>\n\n\n\n<p><a>El compromiso est\u00e1 en formar m\u00fasicos excepcionales, capaces de transformar su entorno y dejar huella en la sociedad por medio del arte; las becas del ISMEV son un reconocimiento al esfuerzo, dedicaci\u00f3n y talento del alumnado.<\/a><\/p>\n\n\n\n<p>El evento cont\u00f3 con la asistencia del director general del ISMEV, Mois\u00e9s Mayolo Barradas Cinta; la subsecretaria de Desarrollo Educativo, Rosalba Valencia Cruz y el director del Sistema Estatal de Becas, Joab Alejandro Elizondo Molina.<\/p>\n","protected":false},"excerpt":{"rendered":"<p>&gt;Apuesta SEV por la educaci\u00f3n art\u00edstica para crear un M\u00e9xico de paz. Xalapa, Ver., viernes 03 de enero de 2025.- Con la finalidad de impulsar el talento musical en ni\u00f1as, ni\u00f1os, adolescentes y j\u00f3venes, la Secretar\u00eda de Educaci\u00f3n (SEV), a trav\u00e9s del Instituto Superior de M\u00fasica del Estado de Veracruz (ISMEV), entreg\u00f3 97 becas al&#8230;<\/p>\n","protected":false},"author":2,"featured_media":4277,"comment_status":"closed","ping_status":"closed","sticky":false,"template":"","format":"standard","meta":{"_jetpack_memberships_contains_paid_content":false,"footnotes":"","jetpack_publicize_message":"","jetpack_publicize_feature_enabled":true,"jetpack_social_post_already_shared":true,"jetpack_social_options":{"image_generator_settings":{"template":"highway","default_image_id":0,"font":"","enabled":false},"version":2}},"categories":[2],"tags":[],"class_list":["post-4276","post","type-post","status-publish","format-standard","has-post-thumbnail","hentry","category-gobiernoestatal"],"jetpack_publicize_connections":[],"jetpack_featured_media_url":"https:\/\/veracruzanosexcepcionahles.com\/wp-content\/uploads\/2025\/01\/WhatsApp-Image-2025-01-03-at-4.56.22-PM.jpeg","jetpack_sharing_enabled":true,"jetpack_likes_enabled":true,"jetpack_shortlink":"https:\/\/wp.me\/pe8dhK-16Y","_links":{"self":[{"href":"https:\/\/veracruzanosexcepcionahles.com\/index.php\/wp-json\/wp\/v2\/posts\/4276","targetHints":{"allow":["GET"]}}],"collection":[{"href":"https:\/\/veracruzanosexcepcionahles.com\/index.php\/wp-json\/wp\/v2\/posts"}],"about":[{"href":"https:\/\/veracruzanosexcepcionahles.com\/index.php\/wp-json\/wp\/v2\/types\/post"}],"author":[{"embeddable":true,"href":"https:\/\/veracruzanosexcepcionahles.com\/index.php\/wp-json\/wp\/v2\/users\/2"}],"replies":[{"embeddable":true,"href":"https:\/\/veracruzanosexcepcionahles.com\/index.php\/wp-json\/wp\/v2\/comments?post=4276"}],"version-history":[{"count":1,"href":"https:\/\/veracruzanosexcepcionahles.com\/index.php\/wp-json\/wp\/v2\/posts\/4276\/revisions"}],"predecessor-version":[{"id":4278,"href":"https:\/\/veracruzanosexcepcionahles.com\/index.php\/wp-json\/wp\/v2\/posts\/4276\/revisions\/4278"}],"wp:featuredmedia":[{"embeddable":true,"href":"https:\/\/veracruzanosexcepcionahles.com\/index.php\/wp-json\/wp\/v2\/media\/4277"}],"wp:attachment":[{"href":"https:\/\/veracruzanosexcepcionahles.com\/index.php\/wp-json\/wp\/v2\/media?parent=4276"}],"wp:term":[{"taxonomy":"category","embeddable":true,"href":"https:\/\/veracruzanosexcepcionahles.com\/index.php\/wp-json\/wp\/v2\/categories?post=4276"},{"taxonomy":"post_tag","embeddable":true,"href":"https:\/\/veracruzanosexcepcionahles.com\/index.php\/wp-json\/wp\/v2\/tags?post=4276"}],"curies":[{"name":"wp","href":"https:\/\/api.w.org\/{rel}","templated":true}]}}