{"id":4247,"date":"2024-12-31T22:43:39","date_gmt":"2025-01-01T04:43:39","guid":{"rendered":"https:\/\/veracruzanosexcepcionahles.com\/?p=4247"},"modified":"2024-12-31T22:43:41","modified_gmt":"2025-01-01T04:43:41","slug":"gestion-de-residuos-solidos-prioridad-ambiental-de-rocio-nahle-para-2025","status":"publish","type":"post","link":"https:\/\/veracruzanosexcepcionahles.com\/index.php\/2024\/12\/31\/gestion-de-residuos-solidos-prioridad-ambiental-de-rocio-nahle-para-2025\/","title":{"rendered":"Gesti\u00f3n de residuos s\u00f3lidos: prioridad ambiental de Roc\u00edo Nahle para 2025"},"content":{"rendered":"\n<p><\/p>\n\n\n\n<p>&gt;Impulsar\u00e1 rellenos sanitarios y reciclaje para combatir la contaminaci\u00f3n.<\/p>\n\n\n\n<p>&gt;Reforzar\u00e1 supervis\u00f3n y aplicaci\u00f3n de las normativas.<\/p>\n\n\n\n<p><strong>Veracruz, Ver., martes 31 de diciembre de 2024.<\/strong> Ante los problemas generados por los basureros clandestinos, as\u00ed como los riesgos ambientales y de seguridad que representan, la gobernadora Roc\u00edo Nahle Garc\u00eda se comprometi\u00f3 a implementar un plan integral para la gesti\u00f3n adecuada de los residuos s\u00f3lidos.<\/p>\n\n\n\n<p>&#8220;Tenemos que separar la basura org\u00e1nica de la inorg\u00e1nica. Los residuos alimenticios deben manejarse como composta, mientras que los inorg\u00e1nicos deben ser reciclados o llevados a rellenos sanitarios adecuados&#8221;, explic\u00f3 la mandataria en entrevista para Avan Radio.&nbsp;<\/p>\n\n\n\n<p>Destac\u00f3 la importancia de la colaboraci\u00f3n entre el gobierno estatal y los municipios, subrayando que esta tarea debe realizarse bajo una estricta supervisi\u00f3n y con total transparencia.<\/p>\n\n\n\n<p>\u201cNo podemos delegar estas responsabilidades a privados sin la debida regulaci\u00f3n, porque los ciudadanos pagan impuestos para recibir servicios eficientes y de calidad\u201d.<\/p>\n\n\n\n<p>Asimismo, la Gobernadora advirti\u00f3 sobre los riesgos de irregularidades y negocios indebidos en el manejo de la basura, comprometi\u00e9ndose a atender personalmente esta problem\u00e1tica.<\/p>\n\n\n\n<p>Inform\u00f3 que han identificado m\u00faltiples vertederos clandestinos en todo el estado y que pronto se emprender\u00e1 acciones concretas para su erradicaci\u00f3n.&nbsp;<\/p>\n","protected":false},"excerpt":{"rendered":"<p>&gt;Impulsar\u00e1 rellenos sanitarios y reciclaje para combatir la contaminaci\u00f3n. &gt;Reforzar\u00e1 supervis\u00f3n y aplicaci\u00f3n de las normativas. Veracruz, Ver., martes 31 de diciembre de 2024. Ante los problemas generados por los basureros clandestinos, as\u00ed como los riesgos ambientales y de seguridad que representan, la gobernadora Roc\u00edo Nahle Garc\u00eda se comprometi\u00f3 a implementar un plan integral para&#8230;<\/p>\n","protected":false},"author":2,"featured_media":4248,"comment_status":"closed","ping_status":"closed","sticky":false,"template":"","format":"standard","meta":{"_jetpack_memberships_contains_paid_content":false,"footnotes":"","jetpack_publicize_message":"","jetpack_publicize_feature_enabled":true,"jetpack_social_post_already_shared":true,"jetpack_social_options":{"image_generator_settings":{"template":"highway","default_image_id":0,"font":"","enabled":false},"version":2}},"categories":[23],"tags":[],"class_list":["post-4247","post","type-post","status-publish","format-standard","has-post-thumbnail","hentry","category-actividadesnahle"],"jetpack_publicize_connections":[],"jetpack_featured_media_url":"https:\/\/veracruzanosexcepcionahles.com\/wp-content\/uploads\/2024\/12\/WhatsApp-Image-2024-12-31-at-10.57.00-AM.jpeg","jetpack_sharing_enabled":true,"jetpack_likes_enabled":true,"jetpack_shortlink":"https:\/\/wp.me\/pe8dhK-16v","_links":{"self":[{"href":"https:\/\/veracruzanosexcepcionahles.com\/index.php\/wp-json\/wp\/v2\/posts\/4247","targetHints":{"allow":["GET"]}}],"collection":[{"href":"https:\/\/veracruzanosexcepcionahles.com\/index.php\/wp-json\/wp\/v2\/posts"}],"about":[{"href":"https:\/\/veracruzanosexcepcionahles.com\/index.php\/wp-json\/wp\/v2\/types\/post"}],"author":[{"embeddable":true,"href":"https:\/\/veracruzanosexcepcionahles.com\/index.php\/wp-json\/wp\/v2\/users\/2"}],"replies":[{"embeddable":true,"href":"https:\/\/veracruzanosexcepcionahles.com\/index.php\/wp-json\/wp\/v2\/comments?post=4247"}],"version-history":[{"count":1,"href":"https:\/\/veracruzanosexcepcionahles.com\/index.php\/wp-json\/wp\/v2\/posts\/4247\/revisions"}],"predecessor-version":[{"id":4249,"href":"https:\/\/veracruzanosexcepcionahles.com\/index.php\/wp-json\/wp\/v2\/posts\/4247\/revisions\/4249"}],"wp:featuredmedia":[{"embeddable":true,"href":"https:\/\/veracruzanosexcepcionahles.com\/index.php\/wp-json\/wp\/v2\/media\/4248"}],"wp:attachment":[{"href":"https:\/\/veracruzanosexcepcionahles.com\/index.php\/wp-json\/wp\/v2\/media?parent=4247"}],"wp:term":[{"taxonomy":"category","embeddable":true,"href":"https:\/\/veracruzanosexcepcionahles.com\/index.php\/wp-json\/wp\/v2\/categories?post=4247"},{"taxonomy":"post_tag","embeddable":true,"href":"https:\/\/veracruzanosexcepcionahles.com\/index.php\/wp-json\/wp\/v2\/tags?post=4247"}],"curies":[{"name":"wp","href":"https:\/\/api.w.org\/{rel}","templated":true}]}}