{"id":4230,"date":"2024-12-30T23:53:20","date_gmt":"2024-12-31T05:53:20","guid":{"rendered":"https:\/\/veracruzanosexcepcionahles.com\/?p=4230"},"modified":"2024-12-30T23:53:23","modified_gmt":"2024-12-31T05:53:23","slug":"preserva-secver-identidad-de-los-veracruzanos-con-el-festival-del-son-jarocho","status":"publish","type":"post","link":"https:\/\/veracruzanosexcepcionahles.com\/index.php\/2024\/12\/30\/preserva-secver-identidad-de-los-veracruzanos-con-el-festival-del-son-jarocho\/","title":{"rendered":"Preserva SECVER identidad de los veracruzanos con el Festival del Son Jarocho"},"content":{"rendered":"\n<p><\/p>\n\n\n\n<blockquote class=\"wp-block-quote is-layout-flow wp-block-quote-is-layout-flow\">\n<p>Participaron 23 grupos representativos y 40 artesanos.<\/p>\n<\/blockquote>\n\n\n\n<p>Xalapa, Ver., lunes 30 de diciembre de 2024.- Con el sonido vibrante de las jaranas y la alegr\u00eda de las d\u00e9cimas, concluy\u00f3 el Festival del Son Jarocho en J\u00e1ltipan, con la participaci\u00f3n de la Secretar\u00eda de Cultura (SECVER) y 23 exponentes del g\u00e9nero.<\/p>\n\n\n\n<p>Adem\u00e1s de la presencia de alrededor de 40 artesanas y artesanos, quienes expusieron sus productos, contribuyendo al fortalecimiento econ\u00f3mico de la regi\u00f3n, mientras que los asistentes disfrutaron de la exquisita gastronom\u00eda, un reflejo de la diversidad de Veracruz.<\/p>\n\n\n\n<p>Durante viernes y s\u00e1bado, fue expuesta la muestra fotogr\u00e1fica de Mois\u00e9s Fuentes y los murales de aserr\u00edn por Frida L\u00e1zaro Rom\u00e1n; la participaci\u00f3n de Tonati Totoni, Los Ahumaditos, Zacate Lim\u00f3n, Caf\u00e9 Caf\u00e9, Son Herencia, Son de Chagane, Los soneros del Tesechoacan, Mono Blanco, Los Toritos Son Jarocho, Son de Madera.<\/p>\n\n\n\n<p>Adem\u00e1s, Los Chogotzin, Las Iguanitas, Marimba Chogostera, Los Cotorritos, Cantos del Son Jarocho, Los Carretoneros, Jarocho Barrio, Flor de Uvero, Los P\u00e1jaros del Alba y Los Cojolites.<\/p>\n\n\n\n<p>El Festival, creado hace m\u00e1s de 30 a\u00f1os por el Centro de Documentaci\u00f3n del Son Jarocho, se suma al compromiso de la gobernadora Roc\u00edo Nahle Garc\u00eda con la preservaci\u00f3n de las ra\u00edces veracruzanas, al ser incluido en una estrategia integral del rescate de las tradiciones.<\/p>\n\n\n\n<p>La SECVER trabaja para construir un estado lleno de oportunidades, donde la cultura y el turismo sean su ancla, por amor a Veracruz y para poner de moda tambi\u00e9n a J\u00e1ltipan y al son jarocho.<\/p>\n","protected":false},"excerpt":{"rendered":"<p>Participaron 23 grupos representativos y 40 artesanos. Xalapa, Ver., lunes 30 de diciembre de 2024.- Con el sonido vibrante de las jaranas y la alegr\u00eda de las d\u00e9cimas, concluy\u00f3 el Festival del Son Jarocho en J\u00e1ltipan, con la participaci\u00f3n de la Secretar\u00eda de Cultura (SECVER) y 23 exponentes del g\u00e9nero. Adem\u00e1s de la presencia de&#8230;<\/p>\n","protected":false},"author":2,"featured_media":4231,"comment_status":"closed","ping_status":"closed","sticky":false,"template":"","format":"standard","meta":{"_jetpack_memberships_contains_paid_content":false,"footnotes":"","jetpack_publicize_message":"","jetpack_publicize_feature_enabled":true,"jetpack_social_post_already_shared":true,"jetpack_social_options":{"image_generator_settings":{"template":"highway","default_image_id":0,"font":"","enabled":false},"version":2}},"categories":[2],"tags":[],"class_list":["post-4230","post","type-post","status-publish","format-standard","has-post-thumbnail","hentry","category-gobiernoestatal"],"jetpack_publicize_connections":[],"jetpack_featured_media_url":"https:\/\/veracruzanosexcepcionahles.com\/wp-content\/uploads\/2024\/12\/WhatsApp-Image-2024-12-30-at-8.23.27-AM.jpeg","jetpack_sharing_enabled":true,"jetpack_likes_enabled":true,"jetpack_shortlink":"https:\/\/wp.me\/pe8dhK-16e","_links":{"self":[{"href":"https:\/\/veracruzanosexcepcionahles.com\/index.php\/wp-json\/wp\/v2\/posts\/4230","targetHints":{"allow":["GET"]}}],"collection":[{"href":"https:\/\/veracruzanosexcepcionahles.com\/index.php\/wp-json\/wp\/v2\/posts"}],"about":[{"href":"https:\/\/veracruzanosexcepcionahles.com\/index.php\/wp-json\/wp\/v2\/types\/post"}],"author":[{"embeddable":true,"href":"https:\/\/veracruzanosexcepcionahles.com\/index.php\/wp-json\/wp\/v2\/users\/2"}],"replies":[{"embeddable":true,"href":"https:\/\/veracruzanosexcepcionahles.com\/index.php\/wp-json\/wp\/v2\/comments?post=4230"}],"version-history":[{"count":1,"href":"https:\/\/veracruzanosexcepcionahles.com\/index.php\/wp-json\/wp\/v2\/posts\/4230\/revisions"}],"predecessor-version":[{"id":4232,"href":"https:\/\/veracruzanosexcepcionahles.com\/index.php\/wp-json\/wp\/v2\/posts\/4230\/revisions\/4232"}],"wp:featuredmedia":[{"embeddable":true,"href":"https:\/\/veracruzanosexcepcionahles.com\/index.php\/wp-json\/wp\/v2\/media\/4231"}],"wp:attachment":[{"href":"https:\/\/veracruzanosexcepcionahles.com\/index.php\/wp-json\/wp\/v2\/media?parent=4230"}],"wp:term":[{"taxonomy":"category","embeddable":true,"href":"https:\/\/veracruzanosexcepcionahles.com\/index.php\/wp-json\/wp\/v2\/categories?post=4230"},{"taxonomy":"post_tag","embeddable":true,"href":"https:\/\/veracruzanosexcepcionahles.com\/index.php\/wp-json\/wp\/v2\/tags?post=4230"}],"curies":[{"name":"wp","href":"https:\/\/api.w.org\/{rel}","templated":true}]}}