{"id":4207,"date":"2024-12-29T23:19:19","date_gmt":"2024-12-30T05:19:19","guid":{"rendered":"https:\/\/veracruzanosexcepcionahles.com\/?p=4207"},"modified":"2024-12-29T23:19:21","modified_gmt":"2024-12-30T05:19:21","slug":"rocio-nahle-lidera-la-modernizacion-del-transporte-publico-en-veracruz","status":"publish","type":"post","link":"https:\/\/veracruzanosexcepcionahles.com\/index.php\/2024\/12\/29\/rocio-nahle-lidera-la-modernizacion-del-transporte-publico-en-veracruz\/","title":{"rendered":"Roc\u00edo Nahle lidera la modernizaci\u00f3n del transporte p\u00fablico en Veracruz"},"content":{"rendered":"\n<p><\/p>\n\n\n\n<blockquote class=\"wp-block-quote is-layout-flow wp-block-quote-is-layout-flow\">\n<p>Iniciar\u00e1 con dos rutas en la zona conurbada Veracruz-Boca del R\u00edo.<br>Promueve una transici\u00f3n gradual hacia unidades m\u00e1s eficientes y sustentables.<\/p>\n<\/blockquote>\n\n\n\n<p>Boca del R\u00edo, Ver., s\u00e1bado 28 de diciembre de 2024.- Como parte de los proyectos para transformar el transporte p\u00fablico en Veracruz, la gobernadora Roc\u00edo Nahle Garc\u00eda sostuvo una reuni\u00f3n con representantes de la empresa china Yutong, l\u00edder mundial en la fabricaci\u00f3n de autobuses el\u00e9ctricos e h\u00edbridos y veh\u00edculos comerciales.<\/p>\n\n\n\n<p>Este encuentro refuerza la estrategia de modernizaci\u00f3n gradual del transporte p\u00fablico, iniciando en la conurbaci\u00f3n Veracruz-Boca del R\u00edo, seguida de Xalapa y posteriormente Coatzacoalcos, para ello present\u00f3 a concesionarios el prototipo Ul\u00faa.<\/p>\n\n\n\n<p>En esta primera etapa, implementar\u00e1n dos rutas en Veracruz-Boca del R\u00edo, para lo cual la administraci\u00f3n estatal brindar\u00e1 todas las facilidades necesarias para que las y los veracruzanos puedan viajar en unidades p\u00fablicas modernas, eficientes y de calidad.<\/p>\n\n\n\n<p>Junto con los alcaldes de Veracruz y Boca del R\u00edo, Patricia Lobeira Rodr\u00edguez y Juan Manuel de Un\u00e1nue Abascal, concesionarios y empresarios, la Gobernadora recorri\u00f3 el bulevar Manuel \u00c1vila Camacho a bordo del prototipo que comenzar\u00e1n a circular el pr\u00f3ximo a\u00f1o, permitiendo comprobar las ventajas y comodidad.<\/p>\n\n\n\n<p>La alianza con Yutong garantiza que los transportistas interesados en renovar sus unidades cuenten con ventajas competitivas, accediendo a tecnolog\u00eda de punta y condiciones favorables para la transici\u00f3n hacia una movilidad m\u00e1s sustentable.<\/p>\n\n\n\n<p>La mandataria destac\u00f3 el potencial de Veracruz para adoptar soluciones innovadoras que no solo mejoren la experiencia de los usuarios, sino tambi\u00e9n reduzcan el impacto ambiental del transporte p\u00fablico.<\/p>\n\n\n\n<p>Su visi\u00f3n es posicionar a la entidad como un referente nacional en infraestructura y tecnolog\u00eda, ofreciendo un servicio seguro, eficiente que fomente la conectividad y la movilidad como pilares del desarrollo econ\u00f3mico y social del estado.<\/p>\n","protected":false},"excerpt":{"rendered":"<p>Iniciar\u00e1 con dos rutas en la zona conurbada Veracruz-Boca del R\u00edo.Promueve una transici\u00f3n gradual hacia unidades m\u00e1s eficientes y sustentables. Boca del R\u00edo, Ver., s\u00e1bado 28 de diciembre de 2024.- Como parte de los proyectos para transformar el transporte p\u00fablico en Veracruz, la gobernadora Roc\u00edo Nahle Garc\u00eda sostuvo una reuni\u00f3n con representantes de la empresa&#8230;<\/p>\n","protected":false},"author":2,"featured_media":4208,"comment_status":"closed","ping_status":"closed","sticky":false,"template":"","format":"standard","meta":{"_jetpack_memberships_contains_paid_content":false,"footnotes":"","jetpack_publicize_message":"","jetpack_publicize_feature_enabled":true,"jetpack_social_post_already_shared":true,"jetpack_social_options":{"image_generator_settings":{"template":"highway","default_image_id":0,"font":"","enabled":false},"version":2}},"categories":[23],"tags":[],"class_list":["post-4207","post","type-post","status-publish","format-standard","has-post-thumbnail","hentry","category-actividadesnahle"],"jetpack_publicize_connections":[],"jetpack_featured_media_url":"https:\/\/veracruzanosexcepcionahles.com\/wp-content\/uploads\/2024\/12\/WhatsApp-Image-2024-12-28-at-3.15.09-PM.jpeg","jetpack_sharing_enabled":true,"jetpack_likes_enabled":true,"jetpack_shortlink":"https:\/\/wp.me\/pe8dhK-15R","_links":{"self":[{"href":"https:\/\/veracruzanosexcepcionahles.com\/index.php\/wp-json\/wp\/v2\/posts\/4207","targetHints":{"allow":["GET"]}}],"collection":[{"href":"https:\/\/veracruzanosexcepcionahles.com\/index.php\/wp-json\/wp\/v2\/posts"}],"about":[{"href":"https:\/\/veracruzanosexcepcionahles.com\/index.php\/wp-json\/wp\/v2\/types\/post"}],"author":[{"embeddable":true,"href":"https:\/\/veracruzanosexcepcionahles.com\/index.php\/wp-json\/wp\/v2\/users\/2"}],"replies":[{"embeddable":true,"href":"https:\/\/veracruzanosexcepcionahles.com\/index.php\/wp-json\/wp\/v2\/comments?post=4207"}],"version-history":[{"count":1,"href":"https:\/\/veracruzanosexcepcionahles.com\/index.php\/wp-json\/wp\/v2\/posts\/4207\/revisions"}],"predecessor-version":[{"id":4209,"href":"https:\/\/veracruzanosexcepcionahles.com\/index.php\/wp-json\/wp\/v2\/posts\/4207\/revisions\/4209"}],"wp:featuredmedia":[{"embeddable":true,"href":"https:\/\/veracruzanosexcepcionahles.com\/index.php\/wp-json\/wp\/v2\/media\/4208"}],"wp:attachment":[{"href":"https:\/\/veracruzanosexcepcionahles.com\/index.php\/wp-json\/wp\/v2\/media?parent=4207"}],"wp:term":[{"taxonomy":"category","embeddable":true,"href":"https:\/\/veracruzanosexcepcionahles.com\/index.php\/wp-json\/wp\/v2\/categories?post=4207"},{"taxonomy":"post_tag","embeddable":true,"href":"https:\/\/veracruzanosexcepcionahles.com\/index.php\/wp-json\/wp\/v2\/tags?post=4207"}],"curies":[{"name":"wp","href":"https:\/\/api.w.org\/{rel}","templated":true}]}}