{"id":4156,"date":"2024-12-24T23:09:00","date_gmt":"2024-12-25T05:09:00","guid":{"rendered":"https:\/\/veracruzanosexcepcionahles.com\/?p=4156"},"modified":"2024-12-25T23:11:42","modified_gmt":"2024-12-26T05:11:42","slug":"navidad-tiempo-para-reflexionar-y-celebrar-juntos-gobernadora-rocio-nahle","status":"publish","type":"post","link":"https:\/\/veracruzanosexcepcionahles.com\/index.php\/2024\/12\/24\/navidad-tiempo-para-reflexionar-y-celebrar-juntos-gobernadora-rocio-nahle\/","title":{"rendered":"Navidad, tiempo para reflexionar y celebrar juntos: gobernadora Roc\u00edo Nahle"},"content":{"rendered":"\n<p><\/p>\n\n\n\n<p>Xalapa, Ver., martes 24 de diciembre de 2024.- La gobernadora de Veracruz Roc\u00edo Nahle Garc\u00eda, dirigi\u00f3 un c\u00e1lido mensaje a las y los veracruzanos con motivo de la Navidad, destacando la importancia de la uni\u00f3n, el amor y la esperanza en estas fechas tan significativas.<\/p>\n\n\n\n<p>&#8220;En esta \u00e9poca de uni\u00f3n y esperanza, el bienestar de las familias veracruzanas es nuestra mayor motivaci\u00f3n. Que esta Nochebuena sea de amor y fraternidad, iluminando cada hogar de nuestro estado&#8221;, e invit\u00f3 a reflexionar sobre los logros compartidos y los retos que a\u00fan est\u00e1n por venir.<\/p>\n\n\n\n<p>Acompa\u00f1ada por su esposo e hijas, la Gobernadora reiter\u00f3 su compromiso de trabajar por el bienestar de todas y todos los veracruzanos, deseando que la alegr\u00eda de estas fechas fortalezca los lazos que unen a la sociedad.<\/p>\n\n\n\n<p>&#8220;Que el amor y la alegr\u00eda nos gu\u00eden en esta temporada y a lo largo del pr\u00f3ximo a\u00f1o. A nombre de mi familia, les deseo a todas las veracruzanas y veracruzanos una feliz Navidad&#8221;, concluy\u00f3.<\/p>\n\n\n\n<p>La titular del Poder Ejecutivo reafirma su compromiso de seguir construyendo un Veracruz lleno de oportunidades, prosperidad y bienestar para todos, destacando la importancia de mantener vivos los valores que unen a los hogares en estas fechas tan especiales.<\/p>\n","protected":false},"excerpt":{"rendered":"<p>Xalapa, Ver., martes 24 de diciembre de 2024.- La gobernadora de Veracruz Roc\u00edo Nahle Garc\u00eda, dirigi\u00f3 un c\u00e1lido mensaje a las y los veracruzanos con motivo de la Navidad, destacando la importancia de la uni\u00f3n, el amor y la esperanza en estas fechas tan significativas. &#8220;En esta \u00e9poca de uni\u00f3n y esperanza, el bienestar de&#8230;<\/p>\n","protected":false},"author":2,"featured_media":4157,"comment_status":"closed","ping_status":"closed","sticky":false,"template":"","format":"standard","meta":{"_jetpack_memberships_contains_paid_content":false,"footnotes":"","jetpack_publicize_message":"","jetpack_publicize_feature_enabled":true,"jetpack_social_post_already_shared":true,"jetpack_social_options":{"image_generator_settings":{"template":"highway","default_image_id":0,"font":"","enabled":false},"version":2}},"categories":[23],"tags":[],"class_list":["post-4156","post","type-post","status-publish","format-standard","has-post-thumbnail","hentry","category-actividadesnahle"],"jetpack_publicize_connections":[],"jetpack_featured_media_url":"https:\/\/veracruzanosexcepcionahles.com\/wp-content\/uploads\/2024\/12\/WhatsApp-Image-2024-12-24-at-9.20.13-AM.jpeg","jetpack_sharing_enabled":true,"jetpack_likes_enabled":true,"jetpack_shortlink":"https:\/\/wp.me\/pe8dhK-152","_links":{"self":[{"href":"https:\/\/veracruzanosexcepcionahles.com\/index.php\/wp-json\/wp\/v2\/posts\/4156","targetHints":{"allow":["GET"]}}],"collection":[{"href":"https:\/\/veracruzanosexcepcionahles.com\/index.php\/wp-json\/wp\/v2\/posts"}],"about":[{"href":"https:\/\/veracruzanosexcepcionahles.com\/index.php\/wp-json\/wp\/v2\/types\/post"}],"author":[{"embeddable":true,"href":"https:\/\/veracruzanosexcepcionahles.com\/index.php\/wp-json\/wp\/v2\/users\/2"}],"replies":[{"embeddable":true,"href":"https:\/\/veracruzanosexcepcionahles.com\/index.php\/wp-json\/wp\/v2\/comments?post=4156"}],"version-history":[{"count":1,"href":"https:\/\/veracruzanosexcepcionahles.com\/index.php\/wp-json\/wp\/v2\/posts\/4156\/revisions"}],"predecessor-version":[{"id":4158,"href":"https:\/\/veracruzanosexcepcionahles.com\/index.php\/wp-json\/wp\/v2\/posts\/4156\/revisions\/4158"}],"wp:featuredmedia":[{"embeddable":true,"href":"https:\/\/veracruzanosexcepcionahles.com\/index.php\/wp-json\/wp\/v2\/media\/4157"}],"wp:attachment":[{"href":"https:\/\/veracruzanosexcepcionahles.com\/index.php\/wp-json\/wp\/v2\/media?parent=4156"}],"wp:term":[{"taxonomy":"category","embeddable":true,"href":"https:\/\/veracruzanosexcepcionahles.com\/index.php\/wp-json\/wp\/v2\/categories?post=4156"},{"taxonomy":"post_tag","embeddable":true,"href":"https:\/\/veracruzanosexcepcionahles.com\/index.php\/wp-json\/wp\/v2\/tags?post=4156"}],"curies":[{"name":"wp","href":"https:\/\/api.w.org\/{rel}","templated":true}]}}