{"id":4153,"date":"2024-12-23T23:21:16","date_gmt":"2024-12-24T05:21:16","guid":{"rendered":"https:\/\/veracruzanosexcepcionahles.com\/?p=4153"},"modified":"2024-12-23T23:21:18","modified_gmt":"2024-12-24T05:21:18","slug":"jugador-de-voleibol-internacional-vuelve-a-vestir-los-colores-de-veracruz","status":"publish","type":"post","link":"https:\/\/veracruzanosexcepcionahles.com\/index.php\/2024\/12\/23\/jugador-de-voleibol-internacional-vuelve-a-vestir-los-colores-de-veracruz\/","title":{"rendered":"Jugador de voleibol internacional vuelve a vestir los colores de Veracruz"},"content":{"rendered":"\n<p><\/p>\n\n\n\n<blockquote class=\"wp-block-quote is-layout-flow wp-block-quote-is-layout-flow\">\n<p>Fue recibido por el nuevo director del IVD, \u00d3scar Juanz Roussell.<br>Participar\u00e1 en los Juegos Panamericanos Junior en Paraguay 2025.<\/p>\n<\/blockquote>\n\n\n\n<p>Boca del R\u00edo, Ver; lunes 23 de diciembre del 2024.- Con gran entusiasmo, la comunidad deportiva veracruzana recibe la noticia del regreso de Jared Isay Toy Hern\u00e1ndez a los equipos representativos de la entidad. El destacado voleibolista minatitlense, quien se encuentra en plena preparaci\u00f3n para los segundos Juegos Panamericanos Junior a celebrarse en Asunci\u00f3n, Paraguay en 2025, volver\u00e1 a vestir los colores de Veracruz tras una fruct\u00edfera reuni\u00f3n con el nuevo director del Instituto Veracruzano del Deporte (IVD), Oscar Juanz Roussell.<\/p>\n\n\n\n<p>Toy Hern\u00e1ndez, seleccionado nacional y figura destacada del voleibol mexicano, expres\u00f3 su agradecimiento al nuevo director del IVD por el apoyo brindado a los atletas veracruzanos y por las oportunidades que se est\u00e1n generando para el desarrollo del deporte en la entidad gracias a las pol\u00edticas p\u00fablicas implementadas por la gobernadora Roc\u00edo Nahle Garc\u00eda.<\/p>\n\n\n\n<p>El joven deportista destac\u00f3 la importancia de contar con una administraci\u00f3n deportiva que se preocupe por el bienestar de los atletas y que fomente la pr\u00e1ctica del deporte en todos los niveles.<\/p>\n\n\n\n<p>&#8220;Estoy muy emocionado de volver a representar a mi estado natal. Veracruz siempre ha sido mi casa y estoy comprometido a dar lo mejor de m\u00ed para poner en alto el nombre de nuestra entidad. Agradezco a la gobernadora Roc\u00edo Nahle y al director Juanz Roussell por su confianza y por el apoyo que nos brindan a todos los atletas veracruzanos&#8221;, afirm\u00f3 Toy Hern\u00e1ndez.<\/p>\n\n\n\n<p>Por su parte, el director del IVD, Oscar Juanz Roussell, destac\u00f3 la importancia de contar con atletas de la talla de Jared Isay Toy Hern\u00e1ndez y se comprometi\u00f3 a brindarles todas las facilidades necesarias para que puedan alcanzar sus metas deportivas.<\/p>\n\n\n\n<p>Toy Hern\u00e1ndez, quien se encuentra en la mira de la Selecci\u00f3n Mexicana de Voleibol, ha sido preseleccionado para participar en los segundos Juegos Panamericanos Junior a celebrarse en Asunci\u00f3n, Paraguay en 2025. Este logro es el resultado de su destacado desempe\u00f1o en la Copa Panamericana Sub 23, donde el equipo mexicano se alz\u00f3 con la medalla de oro y asegur\u00f3 su pase a la justa continental.<\/p>\n\n\n\n<p>&#8220;Estoy muy feliz y agradecido por esta oportunidad&#8221;, afirm\u00f3 Jared. &#8220;Representar a M\u00e9xico en los Panamericanos Junior es un sue\u00f1o hecho realidad. Y ahora, con el apoyo del nuevo director del IVD, Oscar Juanz Roussell, estoy seguro de que podremos alcanzar grandes logros&#8221;.<\/p>\n\n\n\n<p>El voleibolista veracruzano destac\u00f3 la importancia de contar con una administraci\u00f3n deportiva que se preocupe por el desarrollo de los atletas y que brinde las herramientas necesarias para alcanzar la excelencia. &#8220;Las ideas que me present\u00f3 el director Juanz Roussell son muy prometedoras. Estoy convencido de que con su apoyo, el deporte en Veracruz vivir\u00e1 una nueva era&#8221;, se\u00f1al\u00f3.<\/p>\n\n\n\n<p>En cuanto a sus expectativas para el voleibol veracruzano, Jared se mostr\u00f3 optimista. &#8220;Siempre hemos estado entre los mejores, pero siempre hay margen de mejora. Creo que con esta nueva administraci\u00f3n y con el trabajo en equipo, podremos alcanzar niveles a\u00fan m\u00e1s altos&#8221;.<\/p>\n\n\n\n<p>Actualmente, Jared se encuentra disfrutando de un breve descanso junto a su familia, pero ya se prepara para retomar los entrenamientos y continuar con su preparaci\u00f3n de cara a los pr\u00f3ximos compromisos. Estudia la Licenciatura en Nutrici\u00f3n y Gastronom\u00eda en la Universidad Regional del Norte en Chihuahua.<\/p>\n\n\n\n<p>LOGROS DEPORTIVOS<\/p>\n\n\n\n<p>\u2022 Campe\u00f3n Copa Panamericana Sub 23 en Paramarimbo, Surinam 2024.<br>\u2022 Clasificado a Juegos Panamericanos Junior Asunci\u00f3n, Paraguay 2025.<br>\u2022 Campe\u00f3n Nacional en Nayarit 2023.<br>\u2022 Actualmente seleccionado nacional.<\/p>\n","protected":false},"excerpt":{"rendered":"<p>Fue recibido por el nuevo director del IVD, \u00d3scar Juanz Roussell.Participar\u00e1 en los Juegos Panamericanos Junior en Paraguay 2025. Boca del R\u00edo, Ver; lunes 23 de diciembre del 2024.- Con gran entusiasmo, la comunidad deportiva veracruzana recibe la noticia del regreso de Jared Isay Toy Hern\u00e1ndez a los equipos representativos de la entidad. El destacado&#8230;<\/p>\n","protected":false},"author":2,"featured_media":4154,"comment_status":"closed","ping_status":"closed","sticky":false,"template":"","format":"standard","meta":{"_jetpack_memberships_contains_paid_content":false,"footnotes":"","jetpack_publicize_message":"","jetpack_publicize_feature_enabled":true,"jetpack_social_post_already_shared":true,"jetpack_social_options":{"image_generator_settings":{"template":"highway","default_image_id":0,"font":"","enabled":false},"version":2}},"categories":[2],"tags":[],"class_list":["post-4153","post","type-post","status-publish","format-standard","has-post-thumbnail","hentry","category-gobiernoestatal"],"jetpack_publicize_connections":[],"jetpack_featured_media_url":"https:\/\/veracruzanosexcepcionahles.com\/wp-content\/uploads\/2024\/12\/WhatsApp-Image-2024-12-23-at-3.11.44-PM.jpeg","jetpack_sharing_enabled":true,"jetpack_likes_enabled":true,"jetpack_shortlink":"https:\/\/wp.me\/pe8dhK-14Z","_links":{"self":[{"href":"https:\/\/veracruzanosexcepcionahles.com\/index.php\/wp-json\/wp\/v2\/posts\/4153","targetHints":{"allow":["GET"]}}],"collection":[{"href":"https:\/\/veracruzanosexcepcionahles.com\/index.php\/wp-json\/wp\/v2\/posts"}],"about":[{"href":"https:\/\/veracruzanosexcepcionahles.com\/index.php\/wp-json\/wp\/v2\/types\/post"}],"author":[{"embeddable":true,"href":"https:\/\/veracruzanosexcepcionahles.com\/index.php\/wp-json\/wp\/v2\/users\/2"}],"replies":[{"embeddable":true,"href":"https:\/\/veracruzanosexcepcionahles.com\/index.php\/wp-json\/wp\/v2\/comments?post=4153"}],"version-history":[{"count":1,"href":"https:\/\/veracruzanosexcepcionahles.com\/index.php\/wp-json\/wp\/v2\/posts\/4153\/revisions"}],"predecessor-version":[{"id":4155,"href":"https:\/\/veracruzanosexcepcionahles.com\/index.php\/wp-json\/wp\/v2\/posts\/4153\/revisions\/4155"}],"wp:featuredmedia":[{"embeddable":true,"href":"https:\/\/veracruzanosexcepcionahles.com\/index.php\/wp-json\/wp\/v2\/media\/4154"}],"wp:attachment":[{"href":"https:\/\/veracruzanosexcepcionahles.com\/index.php\/wp-json\/wp\/v2\/media?parent=4153"}],"wp:term":[{"taxonomy":"category","embeddable":true,"href":"https:\/\/veracruzanosexcepcionahles.com\/index.php\/wp-json\/wp\/v2\/categories?post=4153"},{"taxonomy":"post_tag","embeddable":true,"href":"https:\/\/veracruzanosexcepcionahles.com\/index.php\/wp-json\/wp\/v2\/tags?post=4153"}],"curies":[{"name":"wp","href":"https:\/\/api.w.org\/{rel}","templated":true}]}}