{"id":4092,"date":"2024-12-19T23:02:33","date_gmt":"2024-12-20T05:02:33","guid":{"rendered":"https:\/\/veracruzanosexcepcionahles.com\/?p=4092"},"modified":"2024-12-19T23:02:38","modified_gmt":"2024-12-20T05:02:38","slug":"en-veracruz-deciden-y-se-respeta-al-pueblo-y-las-bases-rocio-nahle","status":"publish","type":"post","link":"https:\/\/veracruzanosexcepcionahles.com\/index.php\/2024\/12\/19\/en-veracruz-deciden-y-se-respeta-al-pueblo-y-las-bases-rocio-nahle\/","title":{"rendered":"En Veracruz deciden y se respeta al pueblo y las bases: Roc\u00edo Nahle."},"content":{"rendered":"\n<p>Votos de los Yunes a favor de reformas federales se las deb\u00edan al pueblo.<br>La confianza del pueblo reflejada en las urnas este a\u00f1o, se repetir\u00e1 en las elecciones municipales de 2025.<br>No se va a sentar con su antecesor, en Veracruz no cabe la violencia pol\u00edtica de g\u00e9nero ni la misoginia.<br>En Veracruz no hay pacto con los Yunes.<\/p>\n\n\n\n<p>Xalapa, Ver., jueves 19 de diciembre de 2024.- Morena no es un partido de c\u00fapulas, es un movimiento donde mandan las bases y se respeta la decisi\u00f3n del pueblo, advirti\u00f3 la gobernadora de Veracruz, Roc\u00edo Nahle Garc\u00eda en entrevista para el programa Los Periodistas en Sin Embargo.<\/p>\n\n\n\n<p>En su calidad de jefa pol\u00edtica y militante, advirti\u00f3 que no ve un escenario donde la familia Yunes, expriistas y actualmente panistas, y su patriarca, Miguel \u00c1ngel Yunes Linares, exmandatario veracruzano, participen o incidan activamente en las filas de Morena en la entidad porque los acuerdos en M\u00e9xico a nivel legislativo no tienen nada que ver con las decisiones internas del movimiento a nivel estatal.<\/p>\n\n\n\n<p>Subray\u00f3 que Morena es un partido de encuestas y como tal, convendr\u00eda realizar una para medir la aceptaci\u00f3n de dicha familia lo que evidenciar\u00e1 que no son bien vistos en Veracruz, ni por la base morenista ni por la ciudadan\u00eda.<\/p>\n\n\n\n<p>\u201cAqu\u00ed en Veracruz se respeta al pueblo y a la militancia, aqu\u00ed en Veracruz es otra cosa\u201d, subray\u00f3.<\/p>\n\n\n\n<p>Ante los cuestionamientos sobre una posible relaci\u00f3n o participaci\u00f3n de los Yunes en actividades del partido, Nahle Garc\u00eda fue contundente:<\/p>\n\n\n\n<p>\u201cNo, no los veo en actividades de Morena en Veracruz, y no es lo que dice Roc\u00edo Nahle, no es algo personal, en Morena nos gustan las encuestas, que vengan y vean lo que dice el pueblo.\u201d, sentenci\u00f3 al tiempo que reiter\u00f3: \u201cyo gobierno para todos, incluso para ellos aunque les ganamos\u201d, dijo reafirmando que en Morena Veracruz son las bases quienes deciden y en el caso de la administraci\u00f3n p\u00fablica su gobierno se mantendr\u00e1 en sinton\u00eda con el sentir popular.<\/p>\n\n\n\n<p>La gobernadora de Veracruz reconoci\u00f3 que su campa\u00f1a fue especialmente compleja y que, a pesar de los ataques, el respaldo ciudadano fue decisivo, ejemplo de ello es que gan\u00f3 con m\u00e1s de un mill\u00f3n de votos el pasado 2 de junio.<\/p>\n\n\n\n<p>\u201cNuestra fortaleza, nuestro trabajo y los veracruzanos y las veracruzanas juzgaron qui\u00e9n es qui\u00e9n\u201d, record\u00f3.<\/p>\n\n\n\n<p>Adem\u00e1s, reiter\u00f3 su agradecimiento por la confianza recibida en las urnas y afirm\u00f3 que este respaldo se reflejar\u00e1 tambi\u00e9n en los procesos de 2025.<\/p>\n\n\n\n<p>\u201cEn Veracruz ya estamos hablando de 2025 y no nada m\u00e1s yo sino todas las personas en leg\u00edtima aspiraci\u00f3n y eso lo est\u00e1 haciendo el partido, a m\u00ed no me corresponde. Yo estoy en la gobernanza del estado pero tambi\u00e9n soy integrante del movimiento\u201d, apunt\u00f3.<\/p>\n\n\n\n<p>Respecto a los votos emitidos por los Yunes en la C\u00e1mara Alta a favor de reformas impulsadas por la presidenta Claudia Sheinbaum Pardo, Nahle Garc\u00eda se\u00f1al\u00f3 que estas acciones eran una deuda con el pueblo de M\u00e9xico y Veracruz.<\/p>\n\n\n\n<p>No obstante, dej\u00f3 en claro que el apoyo legislativo no se traduce en aceptaci\u00f3n dentro del movimiento: \u201cSi all\u00e1 en M\u00e9xico se acercan, qu\u00e9 bueno, pero el tema electoral en el estado es otra cosa\u201d.<\/p>\n\n\n\n<p>Roc\u00edo Nahle enfatiz\u00f3 su respeto por las decisiones del Legislativo y reiter\u00f3 que su administraci\u00f3n gobierna para todos los veracruzanos, sin excepci\u00f3n.<\/p>\n\n\n\n<p>Finalmente aclar\u00f3 que los pendientes legales de Miguel \u00c1ngel Yunes M\u00e1rquez y de su hermano, Fernando Yunes M\u00e1rquez, son atendidos y su libertad no obedece a ning\u00fan pacto de impunidad sino a su respectivo fuero constitucional.<\/p>\n\n\n\n<p>Por otra parte, destac\u00f3 que la responsabilidad es de la FGE no de su gobierno.<\/p>\n\n\n\n<p>\u201cNo, de ninguna manera, es la FGE, no lo he hablado con la FGE pero yo no tuve nada que ver\u201d, agreg\u00f3.<\/p>\n\n\n\n<p>Dijo que no son un tema del que se estar\u00e1 hablando por respeto y amor a Veracruz porque cada que concluye una administraci\u00f3n la entidad es nota negativa y ahora \u201chay que darle vuelta y no perdernos en el esc\u00e1ndalo, desde que sale Dante, Fidel Herrera, Duarte, Miguel \u00c1ngel, fue as\u00ed por eso digo que en Veracruz hay gobernabilidad y estabilidad pol\u00edtica, porque hubo una correcta transici\u00f3n entre Cuitl\u00e1huac Garc\u00eda y yo\u201d, a\u00f1adi\u00f3.<\/p>\n\n\n\n<p>-\u00bfSe podr\u00eda sentar con Miguel \u00c1ngel Yunes Linares?<br>-Mira, te lo voy a decir: No. \u00bfY por qu\u00e9 no? Yo en Veracruz soy un referente para las veracruzanas y yo no puedo normalizar la violencia pol\u00edtica. Soy una mujer fuerte y tambi\u00e9n soy un referente y la violencia no se debe normalizar en ning\u00fan sentido. Yo tengo dos hijas y a mis hijas yo les tengo que ense\u00f1ar con el ejemplo, concluy\u00f3.<\/p>\n","protected":false},"excerpt":{"rendered":"<p>Votos de los Yunes a favor de reformas federales se las deb\u00edan al pueblo.La confianza del pueblo reflejada en las urnas este a\u00f1o, se repetir\u00e1 en las elecciones municipales de 2025.No se va a sentar con su antecesor, en Veracruz no cabe la violencia pol\u00edtica de g\u00e9nero ni la misoginia.En Veracruz no hay pacto con&#8230;<\/p>\n","protected":false},"author":2,"featured_media":4093,"comment_status":"closed","ping_status":"closed","sticky":false,"template":"","format":"standard","meta":{"_jetpack_memberships_contains_paid_content":false,"footnotes":"","jetpack_publicize_message":"","jetpack_publicize_feature_enabled":true,"jetpack_social_post_already_shared":true,"jetpack_social_options":{"image_generator_settings":{"template":"highway","default_image_id":0,"font":"","enabled":false},"version":2}},"categories":[23],"tags":[],"class_list":["post-4092","post","type-post","status-publish","format-standard","has-post-thumbnail","hentry","category-actividadesnahle"],"jetpack_publicize_connections":[],"jetpack_featured_media_url":"https:\/\/veracruzanosexcepcionahles.com\/wp-content\/uploads\/2024\/12\/1.jpeg","jetpack_sharing_enabled":true,"jetpack_likes_enabled":true,"jetpack_shortlink":"https:\/\/wp.me\/pe8dhK-140","_links":{"self":[{"href":"https:\/\/veracruzanosexcepcionahles.com\/index.php\/wp-json\/wp\/v2\/posts\/4092","targetHints":{"allow":["GET"]}}],"collection":[{"href":"https:\/\/veracruzanosexcepcionahles.com\/index.php\/wp-json\/wp\/v2\/posts"}],"about":[{"href":"https:\/\/veracruzanosexcepcionahles.com\/index.php\/wp-json\/wp\/v2\/types\/post"}],"author":[{"embeddable":true,"href":"https:\/\/veracruzanosexcepcionahles.com\/index.php\/wp-json\/wp\/v2\/users\/2"}],"replies":[{"embeddable":true,"href":"https:\/\/veracruzanosexcepcionahles.com\/index.php\/wp-json\/wp\/v2\/comments?post=4092"}],"version-history":[{"count":1,"href":"https:\/\/veracruzanosexcepcionahles.com\/index.php\/wp-json\/wp\/v2\/posts\/4092\/revisions"}],"predecessor-version":[{"id":4094,"href":"https:\/\/veracruzanosexcepcionahles.com\/index.php\/wp-json\/wp\/v2\/posts\/4092\/revisions\/4094"}],"wp:featuredmedia":[{"embeddable":true,"href":"https:\/\/veracruzanosexcepcionahles.com\/index.php\/wp-json\/wp\/v2\/media\/4093"}],"wp:attachment":[{"href":"https:\/\/veracruzanosexcepcionahles.com\/index.php\/wp-json\/wp\/v2\/media?parent=4092"}],"wp:term":[{"taxonomy":"category","embeddable":true,"href":"https:\/\/veracruzanosexcepcionahles.com\/index.php\/wp-json\/wp\/v2\/categories?post=4092"},{"taxonomy":"post_tag","embeddable":true,"href":"https:\/\/veracruzanosexcepcionahles.com\/index.php\/wp-json\/wp\/v2\/tags?post=4092"}],"curies":[{"name":"wp","href":"https:\/\/api.w.org\/{rel}","templated":true}]}}