{"id":4051,"date":"2024-12-18T23:29:51","date_gmt":"2024-12-19T05:29:51","guid":{"rendered":"https:\/\/veracruzanosexcepcionahles.com\/?p=4051"},"modified":"2024-12-18T23:29:56","modified_gmt":"2024-12-19T05:29:56","slug":"secretaria-del-trabajo-y-uv-realizaran-atlas-laboral-para-atraccion-de-empresas","status":"publish","type":"post","link":"https:\/\/veracruzanosexcepcionahles.com\/index.php\/2024\/12\/18\/secretaria-del-trabajo-y-uv-realizaran-atlas-laboral-para-atraccion-de-empresas\/","title":{"rendered":"Secretar\u00eda del Trabajo y UV realizar\u00e1n Atlas Laboral para atracci\u00f3n de empresas"},"content":{"rendered":"\n<p>Xalapa, Ver., mi\u00e9rcoles 18 de diciembre de 2024.- Con miras de alcanzar una tasa de desocupacio\u0301n menor al uno por ciento y mejorar la econom\u00eda de las y los veracruzanos, la Secretar\u00eda de Trabajo, Previsi\u00f3n Social y Productividad y la Universidad Veracruzana firmaron convenio para elaborar un Atlas Laboral.<\/p>\n\n\n\n<p>Esta iniciativa ser\u00e1 una herramienta de consulta pr\u00e1ctica y accesible dirigida a empresas nacionales y extranjeras; contendr\u00e1 par\u00e1metros estad\u00edsticos de cada regi\u00f3n permiti\u00e9ndoles elegir el lugar m\u00e1s id\u00f3neo seg\u00fan sus necesidades y ser generadoras de empleo.<\/p>\n\n\n\n<p>Una vez concluida, podr\u00e1 consultarse electr\u00f3nicamente y ser\u00e1 actualizada con periodicidad para seguir contribuyendo en la reducci\u00f3n de la tasa de ocupaci\u00f3n que es de 2.48 %, destac\u00f3 el titular de la dependencia Luis Arturo Santiago Mart\u00ednez.<\/p>\n","protected":false},"excerpt":{"rendered":"<p>Xalapa, Ver., mi\u00e9rcoles 18 de diciembre de 2024.- Con miras de alcanzar una tasa de desocupacio\u0301n menor al uno por ciento y mejorar la econom\u00eda de las y los veracruzanos, la Secretar\u00eda de Trabajo, Previsi\u00f3n Social y Productividad y la Universidad Veracruzana firmaron convenio para elaborar un Atlas Laboral. Esta iniciativa ser\u00e1 una herramienta de&#8230;<\/p>\n","protected":false},"author":2,"featured_media":4052,"comment_status":"closed","ping_status":"closed","sticky":false,"template":"","format":"standard","meta":{"_jetpack_memberships_contains_paid_content":false,"footnotes":"","jetpack_publicize_message":"","jetpack_publicize_feature_enabled":true,"jetpack_social_post_already_shared":true,"jetpack_social_options":{"image_generator_settings":{"template":"highway","default_image_id":0,"font":"","enabled":false},"version":2}},"categories":[2],"tags":[],"class_list":["post-4051","post","type-post","status-publish","format-standard","has-post-thumbnail","hentry","category-gobiernoestatal"],"jetpack_publicize_connections":[],"jetpack_featured_media_url":"https:\/\/veracruzanosexcepcionahles.com\/wp-content\/uploads\/2024\/12\/WhatsApp-Image-2024-12-18-at-6.43.07-PM.jpeg","jetpack_sharing_enabled":true,"jetpack_likes_enabled":true,"jetpack_shortlink":"https:\/\/wp.me\/pe8dhK-13l","_links":{"self":[{"href":"https:\/\/veracruzanosexcepcionahles.com\/index.php\/wp-json\/wp\/v2\/posts\/4051","targetHints":{"allow":["GET"]}}],"collection":[{"href":"https:\/\/veracruzanosexcepcionahles.com\/index.php\/wp-json\/wp\/v2\/posts"}],"about":[{"href":"https:\/\/veracruzanosexcepcionahles.com\/index.php\/wp-json\/wp\/v2\/types\/post"}],"author":[{"embeddable":true,"href":"https:\/\/veracruzanosexcepcionahles.com\/index.php\/wp-json\/wp\/v2\/users\/2"}],"replies":[{"embeddable":true,"href":"https:\/\/veracruzanosexcepcionahles.com\/index.php\/wp-json\/wp\/v2\/comments?post=4051"}],"version-history":[{"count":1,"href":"https:\/\/veracruzanosexcepcionahles.com\/index.php\/wp-json\/wp\/v2\/posts\/4051\/revisions"}],"predecessor-version":[{"id":4053,"href":"https:\/\/veracruzanosexcepcionahles.com\/index.php\/wp-json\/wp\/v2\/posts\/4051\/revisions\/4053"}],"wp:featuredmedia":[{"embeddable":true,"href":"https:\/\/veracruzanosexcepcionahles.com\/index.php\/wp-json\/wp\/v2\/media\/4052"}],"wp:attachment":[{"href":"https:\/\/veracruzanosexcepcionahles.com\/index.php\/wp-json\/wp\/v2\/media?parent=4051"}],"wp:term":[{"taxonomy":"category","embeddable":true,"href":"https:\/\/veracruzanosexcepcionahles.com\/index.php\/wp-json\/wp\/v2\/categories?post=4051"},{"taxonomy":"post_tag","embeddable":true,"href":"https:\/\/veracruzanosexcepcionahles.com\/index.php\/wp-json\/wp\/v2\/tags?post=4051"}],"curies":[{"name":"wp","href":"https:\/\/api.w.org\/{rel}","templated":true}]}}