{"id":4018,"date":"2024-12-17T13:23:35","date_gmt":"2024-12-17T19:23:35","guid":{"rendered":"https:\/\/veracruzanosexcepcionahles.com\/?p=4018"},"modified":"2024-12-17T13:23:37","modified_gmt":"2024-12-17T19:23:37","slug":"pvd-sumara-propuestas-ciudadanas-para-enriquecer-el-proyecto-estatal","status":"publish","type":"post","link":"https:\/\/veracruzanosexcepcionahles.com\/index.php\/2024\/12\/17\/pvd-sumara-propuestas-ciudadanas-para-enriquecer-el-proyecto-estatal\/","title":{"rendered":"PVD sumar\u00e1 propuestas ciudadanas para enriquecer el proyecto estatal"},"content":{"rendered":"\n<p><\/p>\n\n\n\n<blockquote class=\"wp-block-quote is-layout-flow wp-block-quote-is-layout-flow\">\n<p>Realizar\u00e1n foros regionales para cubrir necesidades prioritarias de la poblaci\u00f3n.<\/p>\n<\/blockquote>\n\n\n\n<p>Xalapa, Ver., martes 17 de diciembre de 2024.- El Gobierno del Estado instal\u00f3 el Consejo Estatal para la Planeaci\u00f3n Democr\u00e1tica del Bienestar, para construir el Plan Veracruzano de Desarrollo (PVD) 2025-2030 con un enfoque inclusivo y eficiente, que responda a las demandas de la poblaci\u00f3n.<\/p>\n\n\n\n<p>Esta nueva direcci\u00f3n trazada por la gobernadora Roc\u00edo Nahle Garc\u00eda, prioriza la coordinaci\u00f3n entre instancias gubernamentales y la participaci\u00f3n ciudadana, eliminando el uso de despachos privados, un hecho hist\u00f3rico para la administraci\u00f3n p\u00fablica.<\/p>\n\n\n\n<p>La realizaci\u00f3n, as\u00ed como la correcta elaboraci\u00f3n del PVD, ser\u00e1n supervisadas por la jefa de la Oficina de la Gobernadora y Programa de Gobierno, Irma A\u00edda D\u00e1vila Espinoza, a fin de garantizar la democracia, transparencia y eficiencia.<\/p>\n\n\n\n<p>El Plan ser\u00e1 elaborado por las dependencias, permitiendo un importante ahorro de recursos p\u00fablicos y garantizando un diagn\u00f3stico de las necesidades reales, para acelerar los trabajos del segundo piso de la Cuarta Transformaci\u00f3n, expuso el secretario de Finanzas y Planeaci\u00f3n, Miguel Reyes Hern\u00e1ndez.<\/p>\n\n\n\n<p>Adem\u00e1s, tendr\u00e1 como prioridad atender los sectores vulnerables y dirigir recursos a resolver los problemas m\u00e1s urgentes; abordar\u00e1 temas como el combate a la pobreza, equidad de g\u00e9nero, educaci\u00f3n, protecci\u00f3n, sistema de salud, protecci\u00f3n de los recursos naturales y creaci\u00f3n de infraestructura.<\/p>\n\n\n\n<p>Los foros regionales se realizar\u00e1n en el siguiente orden: Bienestar Social, el 8 de enero en Orizaba; Econom\u00eda y Sustentabilidad, 15 en Tuxpan; Comunicaciones y Obra P\u00fablica, 22 en Boca del R\u00edo; Gobierno y seguridad, 29 en Xalapa;<\/p>\n\n\n\n<p>Administraci\u00f3n Eficiente y Digital, el 6 de febrero en Coatzacoalcos y Participaci\u00f3n e Inclusi\u00f3n Ciudadana, 12 en Papantla, de acuerdo con el coordinador del Proceso de Elaboraci\u00f3n del PVD, Armando Rangel Gonz\u00e1lez.<\/p>\n\n\n\n<p>Las veracruzanas y veracruzanos podr\u00e1n seguir las transmisiones en el canal de YouTube @GobVeracruz y enviar propuestas a trav\u00e9s del Formulario \u00danico en el portal https:\/\/miplan.veracruz.gob.mx\/ o las redes sociales del @Gobiernodeveracruz.<\/p>\n","protected":false},"excerpt":{"rendered":"<p>Realizar\u00e1n foros regionales para cubrir necesidades prioritarias de la poblaci\u00f3n. Xalapa, Ver., martes 17 de diciembre de 2024.- El Gobierno del Estado instal\u00f3 el Consejo Estatal para la Planeaci\u00f3n Democr\u00e1tica del Bienestar, para construir el Plan Veracruzano de Desarrollo (PVD) 2025-2030 con un enfoque inclusivo y eficiente, que responda a las demandas de la poblaci\u00f3n&#8230;.<\/p>\n","protected":false},"author":2,"featured_media":4019,"comment_status":"closed","ping_status":"closed","sticky":false,"template":"","format":"standard","meta":{"_jetpack_memberships_contains_paid_content":false,"footnotes":"","jetpack_publicize_message":"","jetpack_publicize_feature_enabled":true,"jetpack_social_post_already_shared":true,"jetpack_social_options":{"image_generator_settings":{"template":"highway","default_image_id":0,"font":"","enabled":false},"version":2}},"categories":[2],"tags":[],"class_list":["post-4018","post","type-post","status-publish","format-standard","has-post-thumbnail","hentry","category-gobiernoestatal"],"jetpack_publicize_connections":[],"jetpack_featured_media_url":"https:\/\/veracruzanosexcepcionahles.com\/wp-content\/uploads\/2024\/12\/WhatsApp-Image-2024-12-17-at-1.20.14-PM-1.jpeg","jetpack_sharing_enabled":true,"jetpack_likes_enabled":true,"jetpack_shortlink":"https:\/\/wp.me\/pe8dhK-12O","_links":{"self":[{"href":"https:\/\/veracruzanosexcepcionahles.com\/index.php\/wp-json\/wp\/v2\/posts\/4018","targetHints":{"allow":["GET"]}}],"collection":[{"href":"https:\/\/veracruzanosexcepcionahles.com\/index.php\/wp-json\/wp\/v2\/posts"}],"about":[{"href":"https:\/\/veracruzanosexcepcionahles.com\/index.php\/wp-json\/wp\/v2\/types\/post"}],"author":[{"embeddable":true,"href":"https:\/\/veracruzanosexcepcionahles.com\/index.php\/wp-json\/wp\/v2\/users\/2"}],"replies":[{"embeddable":true,"href":"https:\/\/veracruzanosexcepcionahles.com\/index.php\/wp-json\/wp\/v2\/comments?post=4018"}],"version-history":[{"count":1,"href":"https:\/\/veracruzanosexcepcionahles.com\/index.php\/wp-json\/wp\/v2\/posts\/4018\/revisions"}],"predecessor-version":[{"id":4020,"href":"https:\/\/veracruzanosexcepcionahles.com\/index.php\/wp-json\/wp\/v2\/posts\/4018\/revisions\/4020"}],"wp:featuredmedia":[{"embeddable":true,"href":"https:\/\/veracruzanosexcepcionahles.com\/index.php\/wp-json\/wp\/v2\/media\/4019"}],"wp:attachment":[{"href":"https:\/\/veracruzanosexcepcionahles.com\/index.php\/wp-json\/wp\/v2\/media?parent=4018"}],"wp:term":[{"taxonomy":"category","embeddable":true,"href":"https:\/\/veracruzanosexcepcionahles.com\/index.php\/wp-json\/wp\/v2\/categories?post=4018"},{"taxonomy":"post_tag","embeddable":true,"href":"https:\/\/veracruzanosexcepcionahles.com\/index.php\/wp-json\/wp\/v2\/tags?post=4018"}],"curies":[{"name":"wp","href":"https:\/\/api.w.org\/{rel}","templated":true}]}}