{"id":4007,"date":"2024-12-17T10:47:38","date_gmt":"2024-12-17T16:47:38","guid":{"rendered":"https:\/\/veracruzanosexcepcionahles.com\/?p=4007"},"modified":"2024-12-17T10:53:53","modified_gmt":"2024-12-17T16:53:53","slug":"veracruz-invita-a-todo-mexico-a-despedir-el-ano-con-tradicion-y-alegria","status":"publish","type":"post","link":"https:\/\/veracruzanosexcepcionahles.com\/index.php\/2024\/12\/17\/veracruz-invita-a-todo-mexico-a-despedir-el-ano-con-tradicion-y-alegria\/","title":{"rendered":"Veracruz invita a todo M\u00e9xico a despedir el a\u00f1o con tradici\u00f3n y alegr\u00eda"},"content":{"rendered":"\n<p><\/p>\n\n\n\n<blockquote class=\"wp-block-quote is-layout-flow wp-block-quote-is-layout-flow\">\n<p>Destino ideal para vivir momentos llenos de tradici\u00f3n, cultura y hospitalidad.<\/p>\n<\/blockquote>\n\n\n\n<p>Xalapa, Ver., martes 17 de diciembre de 2024.- La gobernadora de Veracruz, Roc\u00edo Nahle Garc\u00eda, reiter\u00f3 su invitaci\u00f3n a turistas nacionales e internacionales para celebrar el fin de a\u00f1o y recibir el 2025 en un ambiente festivo y lleno de tradiciones, con este prop\u00f3sito, se lanz\u00f3 la campa\u00f1a Despide el a\u00f1o viejo.<\/p>\n\n\n\n<p>En entrevista con \u00d3scar Mario Beteta para El Heraldo Radio, explic\u00f3 que el 31 de diciembre se realizar\u00e1 la tradicional quema de El Viejo, una celebraci\u00f3n profundamente arraigada en la entidad, en la que las calles se llenan de m\u00fasica, baile y disfraces para despedir el a\u00f1o con alegr\u00eda y gratitud.<\/p>\n\n\n\n<p>Adem\u00e1s, el 1 de enero se realizar\u00e1 el Desfile del A\u00f1o Nuevo, un evento especial para dar la bienvenida al 2025, adem\u00e1s a lo largo del bulevar la recepci\u00f3n de los primeros rayos del sol que iluminan el Golfo de M\u00e9xico, ofreciendo a los visitantes una experiencia revitalizante y \u00fanica.<\/p>\n\n\n\n<p>La campa\u00f1a cuenta con el respaldo de c\u00e1maras hoteleras, restauranteras y agencias de viaje, coordinados con el gobierno estatal para garantizar una estancia placentera y llena de actividades para los visitantes.<\/p>\n\n\n\n<p>\u201cNos estamos preparando para recibir a todos los turistas que deseen compartir nuestras tradiciones. Veracruz est\u00e1 de moda y queremos que lo vivan y lo disfruten\u201d, afirm\u00f3 la gobernadora Nahle Garc\u00eda.<\/p>\n\n\n\n<p>La mandataria tambi\u00e9n destac\u00f3 la vasta riqueza gastron\u00f3mica del estado, que abarca desde los sabores ancestrales de la Huasteca y los mariscos frescos del centro, hasta la fusi\u00f3n culinaria del sur con influencias oaxaque\u00f1as.<\/p>\n\n\n\n<p>La invitaci\u00f3n est\u00e1 abierta: Veracruz es el destino perfecto para despedir el 2024 con alegr\u00eda jarocha y recibir el 2025 con optimismo y tradici\u00f3n.<\/p>\n","protected":false},"excerpt":{"rendered":"<p>Destino ideal para vivir momentos llenos de tradici\u00f3n, cultura y hospitalidad. Xalapa, Ver., martes 17 de diciembre de 2024.- La gobernadora de Veracruz, Roc\u00edo Nahle Garc\u00eda, reiter\u00f3 su invitaci\u00f3n a turistas nacionales e internacionales para celebrar el fin de a\u00f1o y recibir el 2025 en un ambiente festivo y lleno de tradiciones, con este prop\u00f3sito,&#8230;<\/p>\n","protected":false},"author":2,"featured_media":4008,"comment_status":"closed","ping_status":"closed","sticky":false,"template":"","format":"standard","meta":{"_jetpack_memberships_contains_paid_content":false,"footnotes":"","jetpack_publicize_message":"","jetpack_publicize_feature_enabled":true,"jetpack_social_post_already_shared":true,"jetpack_social_options":{"image_generator_settings":{"template":"highway","default_image_id":0,"font":"","enabled":false},"version":2}},"categories":[2],"tags":[],"class_list":["post-4007","post","type-post","status-publish","format-standard","has-post-thumbnail","hentry","category-gobiernoestatal"],"jetpack_publicize_connections":[],"jetpack_featured_media_url":"https:\/\/veracruzanosexcepcionahles.com\/wp-content\/uploads\/2024\/12\/WhatsApp-Image-2024-12-17-at-8.58.58-AM.jpeg","jetpack_sharing_enabled":true,"jetpack_likes_enabled":true,"jetpack_shortlink":"https:\/\/wp.me\/pe8dhK-12D","_links":{"self":[{"href":"https:\/\/veracruzanosexcepcionahles.com\/index.php\/wp-json\/wp\/v2\/posts\/4007","targetHints":{"allow":["GET"]}}],"collection":[{"href":"https:\/\/veracruzanosexcepcionahles.com\/index.php\/wp-json\/wp\/v2\/posts"}],"about":[{"href":"https:\/\/veracruzanosexcepcionahles.com\/index.php\/wp-json\/wp\/v2\/types\/post"}],"author":[{"embeddable":true,"href":"https:\/\/veracruzanosexcepcionahles.com\/index.php\/wp-json\/wp\/v2\/users\/2"}],"replies":[{"embeddable":true,"href":"https:\/\/veracruzanosexcepcionahles.com\/index.php\/wp-json\/wp\/v2\/comments?post=4007"}],"version-history":[{"count":1,"href":"https:\/\/veracruzanosexcepcionahles.com\/index.php\/wp-json\/wp\/v2\/posts\/4007\/revisions"}],"predecessor-version":[{"id":4009,"href":"https:\/\/veracruzanosexcepcionahles.com\/index.php\/wp-json\/wp\/v2\/posts\/4007\/revisions\/4009"}],"wp:featuredmedia":[{"embeddable":true,"href":"https:\/\/veracruzanosexcepcionahles.com\/index.php\/wp-json\/wp\/v2\/media\/4008"}],"wp:attachment":[{"href":"https:\/\/veracruzanosexcepcionahles.com\/index.php\/wp-json\/wp\/v2\/media?parent=4007"}],"wp:term":[{"taxonomy":"category","embeddable":true,"href":"https:\/\/veracruzanosexcepcionahles.com\/index.php\/wp-json\/wp\/v2\/categories?post=4007"},{"taxonomy":"post_tag","embeddable":true,"href":"https:\/\/veracruzanosexcepcionahles.com\/index.php\/wp-json\/wp\/v2\/tags?post=4007"}],"curies":[{"name":"wp","href":"https:\/\/api.w.org\/{rel}","templated":true}]}}