{"id":3981,"date":"2024-12-15T23:37:00","date_gmt":"2024-12-16T05:37:00","guid":{"rendered":"https:\/\/veracruzanosexcepcionahles.com\/?p=3981"},"modified":"2024-12-15T23:37:03","modified_gmt":"2024-12-16T05:37:03","slug":"gobernadora-rocio-nahle-anuncia-infraestructura-estrategica-para-la-zona-norte","status":"publish","type":"post","link":"https:\/\/veracruzanosexcepcionahles.com\/index.php\/2024\/12\/15\/gobernadora-rocio-nahle-anuncia-infraestructura-estrategica-para-la-zona-norte\/","title":{"rendered":"Gobernadora Roc\u00edo Nahle anuncia infraestructura estrat\u00e9gica para la zona norte"},"content":{"rendered":"\n<p><\/p>\n\n\n\n<blockquote class=\"wp-block-quote is-layout-flow wp-block-quote-is-layout-flow\">\n<p>Los proyectos impulsar\u00e1n el desarrollo econ\u00f3mico y fortalecer\u00e1n el bienestar de la regi\u00f3n.<\/p>\n<\/blockquote>\n\n\n\n<p>P\u00e1nuco, Ver., domingo 15 de diciembre de 2024.-Durante la inauguraci\u00f3n de una planta procesadora de asfalto en P\u00e1nuco, la gobernadora de Veracruz, Roc\u00edo Nahle Garc\u00eda, anunci\u00f3 el inicio de la ampliaci\u00f3n y rehabilitaci\u00f3n de la carretera federal 127, que conecta P\u00e1nuco, Tantoyuca y Tuxpan.<\/p>\n\n\n\n<p>C\u00f3mo dio a conocer en campa\u00f1a, la obra se realizar\u00e1 como parte de un compromiso coordinado entre el gobierno de la presidenta de M\u00e9xico, Claudia Sheinbaum Pardo y su administraci\u00f3n.<\/p>\n\n\n\n<p>Adem\u00e1s, inform\u00f3 sobre el inicio inmediato de la rehabilitaci\u00f3n de la v\u00eda como parte de un compromiso conjunto con la Presidenta, en tanto, la carretera se ampliar\u00e1 de 7 a 12 metros de ancho.<\/p>\n\n\n\n<p>\u201cEs necesario realizar un trabajo integral en la carretera 127, la vamos a recorrer y me comprometo, junto al secretario de Comunicaciones y Transportes, a que los trabajos inicien este a\u00f1o&#8221;, se\u00f1al\u00f3.<\/p>\n\n\n\n<p>La Gobernadora de Veracruz tambi\u00e9n dio a conocer un convenio para que la planta opere las 24 horas del d\u00eda, destinando parte de su producci\u00f3n a las labores de rehabilitaci\u00f3n y ampliaci\u00f3n de la carretera. Adem\u00e1s, evaluar\u00e1 la viabilidad de establecer una segunda planta procesadora para atender la creciente demanda de infraestructura vial en la regi\u00f3n.<\/p>\n\n\n\n<p>En su encuentro con ciudadanos y alcaldes de la zona, destac\u00f3 el compromiso de su gobierno con el fortalecimiento de la infraestructura hidr\u00e1ulica, a trav\u00e9s de la Comisi\u00f3n de Agua del Estado de Veracruz, enfoc\u00e1ndose en el dragado de lagunas y r\u00edos del norte para garantizar el abastecimiento y resolver problemas relacionados con el recurso.<\/p>\n\n\n\n<p>En esta visita a P\u00e1nuco, el primer municipio del norte que recorre como Gobernadora, supervis\u00f3 junto al alcalde \u00d3scar Guzm\u00e1n de Paz la planta generadora de energ\u00eda el\u00e9ctrica a partir de paneles solares, que gestion\u00f3 cuando fue secretaria de Energ\u00eda, adem\u00e1s de inaugurar la Unidad B\u00e1sica de Rehabilitaci\u00f3n y el Instituto Municipal de las Mujeres.<\/p>\n\n\n\n<p>Acompa\u00f1aron esta visita la senadora Raquel Bonilla Herrera, las diputadas federal, Mar\u00eda del Carmen Pinete Vargas, y local, Luc\u00eda Bego\u00f1a Canales Barturen; la presidenta del DIF municipal, Maritza Gonz\u00e1lez Ortiz. Alcaldes y alcaldesas de Chinampa de Gorostiza, Gabriel Morelos Francisco; Chontla, N\u00e9stor Enrique Sosa Pe\u00f1a; El Higo, V\u00edctor Manuel de la Garza S\u00e1nchez; Ozuluama, Agust\u00edn Ramos Hern\u00e1ndez; Pueblo Viejo, Valeria Nieto Reynoso; Tampico Alto, Vanessa L\u00f3pez Rangel; Tancoco, Celerino Hern\u00e1ndez Mena, y Tantima, Rosal\u00eda Mu\u00f1oz Mendo.<\/p>\n","protected":false},"excerpt":{"rendered":"<p>Los proyectos impulsar\u00e1n el desarrollo econ\u00f3mico y fortalecer\u00e1n el bienestar de la regi\u00f3n. P\u00e1nuco, Ver., domingo 15 de diciembre de 2024.-Durante la inauguraci\u00f3n de una planta procesadora de asfalto en P\u00e1nuco, la gobernadora de Veracruz, Roc\u00edo Nahle Garc\u00eda, anunci\u00f3 el inicio de la ampliaci\u00f3n y rehabilitaci\u00f3n de la carretera federal 127, que conecta P\u00e1nuco, Tantoyuca&#8230;<\/p>\n","protected":false},"author":2,"featured_media":3982,"comment_status":"closed","ping_status":"closed","sticky":false,"template":"","format":"standard","meta":{"_jetpack_memberships_contains_paid_content":false,"footnotes":"","jetpack_publicize_message":"","jetpack_publicize_feature_enabled":true,"jetpack_social_post_already_shared":true,"jetpack_social_options":{"image_generator_settings":{"template":"highway","default_image_id":0,"font":"","enabled":false},"version":2}},"categories":[23],"tags":[],"class_list":["post-3981","post","type-post","status-publish","format-standard","has-post-thumbnail","hentry","category-actividadesnahle"],"jetpack_publicize_connections":[],"jetpack_featured_media_url":"https:\/\/veracruzanosexcepcionahles.com\/wp-content\/uploads\/2024\/12\/WhatsApp-Image-2024-12-15-at-1.28.24-PM.jpeg","jetpack_sharing_enabled":true,"jetpack_likes_enabled":true,"jetpack_shortlink":"https:\/\/wp.me\/pe8dhK-12d","_links":{"self":[{"href":"https:\/\/veracruzanosexcepcionahles.com\/index.php\/wp-json\/wp\/v2\/posts\/3981","targetHints":{"allow":["GET"]}}],"collection":[{"href":"https:\/\/veracruzanosexcepcionahles.com\/index.php\/wp-json\/wp\/v2\/posts"}],"about":[{"href":"https:\/\/veracruzanosexcepcionahles.com\/index.php\/wp-json\/wp\/v2\/types\/post"}],"author":[{"embeddable":true,"href":"https:\/\/veracruzanosexcepcionahles.com\/index.php\/wp-json\/wp\/v2\/users\/2"}],"replies":[{"embeddable":true,"href":"https:\/\/veracruzanosexcepcionahles.com\/index.php\/wp-json\/wp\/v2\/comments?post=3981"}],"version-history":[{"count":1,"href":"https:\/\/veracruzanosexcepcionahles.com\/index.php\/wp-json\/wp\/v2\/posts\/3981\/revisions"}],"predecessor-version":[{"id":3983,"href":"https:\/\/veracruzanosexcepcionahles.com\/index.php\/wp-json\/wp\/v2\/posts\/3981\/revisions\/3983"}],"wp:featuredmedia":[{"embeddable":true,"href":"https:\/\/veracruzanosexcepcionahles.com\/index.php\/wp-json\/wp\/v2\/media\/3982"}],"wp:attachment":[{"href":"https:\/\/veracruzanosexcepcionahles.com\/index.php\/wp-json\/wp\/v2\/media?parent=3981"}],"wp:term":[{"taxonomy":"category","embeddable":true,"href":"https:\/\/veracruzanosexcepcionahles.com\/index.php\/wp-json\/wp\/v2\/categories?post=3981"},{"taxonomy":"post_tag","embeddable":true,"href":"https:\/\/veracruzanosexcepcionahles.com\/index.php\/wp-json\/wp\/v2\/tags?post=3981"}],"curies":[{"name":"wp","href":"https:\/\/api.w.org\/{rel}","templated":true}]}}