{"id":3916,"date":"2024-12-12T20:40:35","date_gmt":"2024-12-13T02:40:35","guid":{"rendered":"https:\/\/veracruzanosexcepcionahles.com\/?p=3916"},"modified":"2024-12-12T20:40:36","modified_gmt":"2024-12-13T02:40:36","slug":"gobernadora-rocio-nahle-participara-en-la-asamblea-general-del-imss","status":"publish","type":"post","link":"https:\/\/veracruzanosexcepcionahles.com\/index.php\/2024\/12\/12\/gobernadora-rocio-nahle-participara-en-la-asamblea-general-del-imss\/","title":{"rendered":"Gobernadora Roc\u00edo Nahle participar\u00e1 en la Asamblea General del IMSS"},"content":{"rendered":"\n<p><\/p>\n\n\n\n<p>Xalapa, Ver., jueves 12 de diciembre de 2024.- La gobernadora de Veracruz Roc\u00edo Nahle Garc\u00eda asistir\u00e1 ma\u00f1ana a la 115 Asamblea General Ordinaria del Instituto Mexicano del Seguro Social (IMSS), que encabezar\u00e1 la presidenta Claudia Sheinbaum Pardo.<\/p>\n\n\n\n<p>Como cabeza de sector en la entidad, el secretario de Salud, Valent\u00edn Herrera Alarc\u00f3n, le acompa\u00f1ar\u00e1 a Palacio Nacional, refiri\u00f3 tras el banderazo de salida de las Camionetitas de la Salud.<\/p>\n\n\n\n<p>Atendiendo instrucciones de la Presidenta de la Rep\u00fablica, el IMSS ha sido un aliado de Veracruz con la implementaci\u00f3n del modelo IMSS\u2013Bienestar para garantizar la atenci\u00f3n a las y los veracruzanos.<\/p>\n\n\n\n<p>La Asamblea General Ordinaria es el m\u00e1ximo \u00f3rgano de gobierno integrado de forma tripartita por los sectores obrero, patronal y gubernamental, por lo que tambi\u00e9n estar\u00e1n representantes del Senado, Congreso federal y titulares de las secretar\u00edas de Estado.<\/p>\n\n\n\n<p>Ante personal m\u00e9dico, de enfermer\u00eda, administrativo, y de atenci\u00f3n a los derechohabientes, el director General del Instituto rinde cuentas a la ciudadan\u00eda sobre las finanzas y la planeaci\u00f3n de acciones.<\/p>\n\n\n\n<p>&#8212;000&#8212;<\/p>\n","protected":false},"excerpt":{"rendered":"<p>Xalapa, Ver., jueves 12 de diciembre de 2024.- La gobernadora de Veracruz Roc\u00edo Nahle Garc\u00eda asistir\u00e1 ma\u00f1ana a la 115 Asamblea General Ordinaria del Instituto Mexicano del Seguro Social (IMSS), que encabezar\u00e1 la presidenta Claudia Sheinbaum Pardo. Como cabeza de sector en la entidad, el secretario de Salud, Valent\u00edn Herrera Alarc\u00f3n, le acompa\u00f1ar\u00e1 a Palacio&#8230;<\/p>\n","protected":false},"author":2,"featured_media":3912,"comment_status":"closed","ping_status":"closed","sticky":false,"template":"","format":"standard","meta":{"_jetpack_memberships_contains_paid_content":false,"footnotes":"","jetpack_publicize_message":"","jetpack_publicize_feature_enabled":true,"jetpack_social_post_already_shared":true,"jetpack_social_options":{"image_generator_settings":{"template":"highway","default_image_id":0,"font":"","enabled":false},"version":2}},"categories":[23],"tags":[],"class_list":["post-3916","post","type-post","status-publish","format-standard","has-post-thumbnail","hentry","category-actividadesnahle"],"jetpack_publicize_connections":[],"jetpack_featured_media_url":"https:\/\/veracruzanosexcepcionahles.com\/wp-content\/uploads\/2024\/12\/IMG-20241212-WA0045.jpg","jetpack_sharing_enabled":true,"jetpack_likes_enabled":true,"jetpack_shortlink":"https:\/\/wp.me\/pe8dhK-11a","_links":{"self":[{"href":"https:\/\/veracruzanosexcepcionahles.com\/index.php\/wp-json\/wp\/v2\/posts\/3916","targetHints":{"allow":["GET"]}}],"collection":[{"href":"https:\/\/veracruzanosexcepcionahles.com\/index.php\/wp-json\/wp\/v2\/posts"}],"about":[{"href":"https:\/\/veracruzanosexcepcionahles.com\/index.php\/wp-json\/wp\/v2\/types\/post"}],"author":[{"embeddable":true,"href":"https:\/\/veracruzanosexcepcionahles.com\/index.php\/wp-json\/wp\/v2\/users\/2"}],"replies":[{"embeddable":true,"href":"https:\/\/veracruzanosexcepcionahles.com\/index.php\/wp-json\/wp\/v2\/comments?post=3916"}],"version-history":[{"count":1,"href":"https:\/\/veracruzanosexcepcionahles.com\/index.php\/wp-json\/wp\/v2\/posts\/3916\/revisions"}],"predecessor-version":[{"id":3917,"href":"https:\/\/veracruzanosexcepcionahles.com\/index.php\/wp-json\/wp\/v2\/posts\/3916\/revisions\/3917"}],"wp:featuredmedia":[{"embeddable":true,"href":"https:\/\/veracruzanosexcepcionahles.com\/index.php\/wp-json\/wp\/v2\/media\/3912"}],"wp:attachment":[{"href":"https:\/\/veracruzanosexcepcionahles.com\/index.php\/wp-json\/wp\/v2\/media?parent=3916"}],"wp:term":[{"taxonomy":"category","embeddable":true,"href":"https:\/\/veracruzanosexcepcionahles.com\/index.php\/wp-json\/wp\/v2\/categories?post=3916"},{"taxonomy":"post_tag","embeddable":true,"href":"https:\/\/veracruzanosexcepcionahles.com\/index.php\/wp-json\/wp\/v2\/tags?post=3916"}],"curies":[{"name":"wp","href":"https:\/\/api.w.org\/{rel}","templated":true}]}}