{"id":3841,"date":"2024-12-11T22:11:53","date_gmt":"2024-12-12T04:11:53","guid":{"rendered":"https:\/\/veracruzanosexcepcionahles.com\/?p=3841"},"modified":"2024-12-11T22:11:55","modified_gmt":"2024-12-12T04:11:55","slug":"rocio-nahle-encabeza-el-encendido-del-arbol-navideno-del-dif","status":"publish","type":"post","link":"https:\/\/veracruzanosexcepcionahles.com\/index.php\/2024\/12\/11\/rocio-nahle-encabeza-el-encendido-del-arbol-navideno-del-dif\/","title":{"rendered":"Roc\u00edo Nahle encabeza el encendido del \u00e1rbol navide\u00f1o del DIF"},"content":{"rendered":"\n<figure class=\"wp-block-gallery has-nested-images columns-default is-cropped wp-block-gallery-1 is-layout-flex wp-block-gallery-is-layout-flex\">\n<figure class=\"wp-block-image size-large\"><img loading=\"lazy\" decoding=\"async\" width=\"1024\" height=\"682\" data-id=\"3843\" src=\"https:\/\/veracruzanosexcepcionahles.com\/wp-content\/uploads\/2024\/12\/WhatsApp-Image-2024-12-11-at-7.08.45-PM-1-1024x682.jpeg\" alt=\"\" class=\"wp-image-3843\" srcset=\"https:\/\/veracruzanosexcepcionahles.com\/wp-content\/uploads\/2024\/12\/WhatsApp-Image-2024-12-11-at-7.08.45-PM-1-1024x682.jpeg 1024w, https:\/\/veracruzanosexcepcionahles.com\/wp-content\/uploads\/2024\/12\/WhatsApp-Image-2024-12-11-at-7.08.45-PM-1-300x200.jpeg 300w, https:\/\/veracruzanosexcepcionahles.com\/wp-content\/uploads\/2024\/12\/WhatsApp-Image-2024-12-11-at-7.08.45-PM-1-768x512.jpeg 768w, https:\/\/veracruzanosexcepcionahles.com\/wp-content\/uploads\/2024\/12\/WhatsApp-Image-2024-12-11-at-7.08.45-PM-1-1536x1023.jpeg 1536w, https:\/\/veracruzanosexcepcionahles.com\/wp-content\/uploads\/2024\/12\/WhatsApp-Image-2024-12-11-at-7.08.45-PM-1-600x400.jpeg 600w, https:\/\/veracruzanosexcepcionahles.com\/wp-content\/uploads\/2024\/12\/WhatsApp-Image-2024-12-11-at-7.08.45-PM-1.jpeg 1600w\" sizes=\"auto, (max-width: 1024px) 100vw, 1024px\" \/><\/figure>\n\n\n\n<figure class=\"wp-block-image size-large\"><img loading=\"lazy\" decoding=\"async\" width=\"1024\" height=\"682\" data-id=\"3844\" src=\"https:\/\/veracruzanosexcepcionahles.com\/wp-content\/uploads\/2024\/12\/WhatsApp-Image-2024-12-11-at-7.08.45-PM-1024x682.jpeg\" alt=\"\" class=\"wp-image-3844\" srcset=\"https:\/\/veracruzanosexcepcionahles.com\/wp-content\/uploads\/2024\/12\/WhatsApp-Image-2024-12-11-at-7.08.45-PM-1024x682.jpeg 1024w, https:\/\/veracruzanosexcepcionahles.com\/wp-content\/uploads\/2024\/12\/WhatsApp-Image-2024-12-11-at-7.08.45-PM-300x200.jpeg 300w, https:\/\/veracruzanosexcepcionahles.com\/wp-content\/uploads\/2024\/12\/WhatsApp-Image-2024-12-11-at-7.08.45-PM-768x512.jpeg 768w, https:\/\/veracruzanosexcepcionahles.com\/wp-content\/uploads\/2024\/12\/WhatsApp-Image-2024-12-11-at-7.08.45-PM-1536x1023.jpeg 1536w, https:\/\/veracruzanosexcepcionahles.com\/wp-content\/uploads\/2024\/12\/WhatsApp-Image-2024-12-11-at-7.08.45-PM-600x400.jpeg 600w, https:\/\/veracruzanosexcepcionahles.com\/wp-content\/uploads\/2024\/12\/WhatsApp-Image-2024-12-11-at-7.08.45-PM.jpeg 1600w\" sizes=\"auto, (max-width: 1024px) 100vw, 1024px\" \/><\/figure>\n\n\n\n<figure class=\"wp-block-image size-large\"><img loading=\"lazy\" decoding=\"async\" width=\"1024\" height=\"682\" data-id=\"3845\" src=\"https:\/\/veracruzanosexcepcionahles.com\/wp-content\/uploads\/2024\/12\/WhatsApp-Image-2024-12-11-at-7.08.50-PM-1024x682.jpeg\" alt=\"\" class=\"wp-image-3845\" srcset=\"https:\/\/veracruzanosexcepcionahles.com\/wp-content\/uploads\/2024\/12\/WhatsApp-Image-2024-12-11-at-7.08.50-PM-1024x682.jpeg 1024w, https:\/\/veracruzanosexcepcionahles.com\/wp-content\/uploads\/2024\/12\/WhatsApp-Image-2024-12-11-at-7.08.50-PM-300x200.jpeg 300w, https:\/\/veracruzanosexcepcionahles.com\/wp-content\/uploads\/2024\/12\/WhatsApp-Image-2024-12-11-at-7.08.50-PM-768x512.jpeg 768w, https:\/\/veracruzanosexcepcionahles.com\/wp-content\/uploads\/2024\/12\/WhatsApp-Image-2024-12-11-at-7.08.50-PM-1536x1023.jpeg 1536w, https:\/\/veracruzanosexcepcionahles.com\/wp-content\/uploads\/2024\/12\/WhatsApp-Image-2024-12-11-at-7.08.50-PM-600x400.jpeg 600w, https:\/\/veracruzanosexcepcionahles.com\/wp-content\/uploads\/2024\/12\/WhatsApp-Image-2024-12-11-at-7.08.50-PM.jpeg 1600w\" sizes=\"auto, (max-width: 1024px) 100vw, 1024px\" \/><\/figure>\n<\/figure>\n\n\n\n<p>Xalapa, Ver., mi\u00e9rcoles 11 de diciembre de 2024.\u2013 En un ambiente de calidez, la gobernadora de Veracruz Roc\u00edo Nahle Garc\u00eda, acompa\u00f1ada por la familia del Sistema Estatal para el Desarrollo Integral de la Familia (DIF), encabez\u00f3 el encendido del \u00e1rbol navide\u00f1o.<\/p>\n\n\n\n<p>Junto a la directora del organismo, Clara Mora Ju\u00e1rez y sus colaboradores, congregados en la explanada, la Gobernadora hizo el conteo regresivo para apreciar la iluminaci\u00f3n del pino y luces propias de las tradiciones.<\/p>\n\n\n\n<p>Con un mensaje lleno de afecto, Roc\u00edo Nahle expres\u00f3 sus mejores deseos y que la felicidad reine en cada hogar de las y los servidores p\u00fablicos que brindan asistencia social a quienes m\u00e1s lo necesitan, por amor a Veracruz.<\/p>\n\n\n\n<p>La celebraci\u00f3n fue complementada por la presentaci\u00f3n del tenor Armando Mora Ju\u00e1rez y artistas invitados, la tradicional posada y una convivencia en la que no faltaron pi\u00f1atas y bocadillos.<\/p>\n\n\n\n<p>Le acompa\u00f1aron la presidenta del Poder Judicial, Lisbeth Aurelia Jim\u00e9nez Aguirre; la secretaria de Cultura X\u00f3chitl Molina Gonz\u00e1lez y el contralor General del Estado, Ram\u00f3n Santos Navarro.<\/p>\n\n\n\n<p>Las presidentas de los sistemas municipales de Banderilla, Coatepec y Emiliano Zapata, Mar\u00eda Elena Sangabriel Guerrero, Marcela Vel\u00e1zquez L\u00f3pez y Alma Nallely Ruiz Maldonado, respectivamente.<\/p>\n","protected":false},"excerpt":{"rendered":"<p>Xalapa, Ver., mi\u00e9rcoles 11 de diciembre de 2024.\u2013 En un ambiente de calidez, la gobernadora de Veracruz Roc\u00edo Nahle Garc\u00eda, acompa\u00f1ada por la familia del Sistema Estatal para el Desarrollo Integral de la Familia (DIF), encabez\u00f3 el encendido del \u00e1rbol navide\u00f1o. Junto a la directora del organismo, Clara Mora Ju\u00e1rez y sus colaboradores, congregados en&#8230;<\/p>\n","protected":false},"author":2,"featured_media":3842,"comment_status":"closed","ping_status":"closed","sticky":false,"template":"","format":"standard","meta":{"_jetpack_memberships_contains_paid_content":false,"footnotes":"","jetpack_publicize_message":"","jetpack_publicize_feature_enabled":true,"jetpack_social_post_already_shared":true,"jetpack_social_options":{"image_generator_settings":{"template":"highway","default_image_id":0,"font":"","enabled":false},"version":2}},"categories":[23],"tags":[],"class_list":["post-3841","post","type-post","status-publish","format-standard","has-post-thumbnail","hentry","category-actividadesnahle"],"jetpack_publicize_connections":[],"jetpack_featured_media_url":"https:\/\/veracruzanosexcepcionahles.com\/wp-content\/uploads\/2024\/12\/WhatsApp-Image-2024-12-11-at-7.08.46-PM.jpeg","jetpack_sharing_enabled":true,"jetpack_likes_enabled":true,"jetpack_shortlink":"https:\/\/wp.me\/pe8dhK-ZX","_links":{"self":[{"href":"https:\/\/veracruzanosexcepcionahles.com\/index.php\/wp-json\/wp\/v2\/posts\/3841","targetHints":{"allow":["GET"]}}],"collection":[{"href":"https:\/\/veracruzanosexcepcionahles.com\/index.php\/wp-json\/wp\/v2\/posts"}],"about":[{"href":"https:\/\/veracruzanosexcepcionahles.com\/index.php\/wp-json\/wp\/v2\/types\/post"}],"author":[{"embeddable":true,"href":"https:\/\/veracruzanosexcepcionahles.com\/index.php\/wp-json\/wp\/v2\/users\/2"}],"replies":[{"embeddable":true,"href":"https:\/\/veracruzanosexcepcionahles.com\/index.php\/wp-json\/wp\/v2\/comments?post=3841"}],"version-history":[{"count":1,"href":"https:\/\/veracruzanosexcepcionahles.com\/index.php\/wp-json\/wp\/v2\/posts\/3841\/revisions"}],"predecessor-version":[{"id":3846,"href":"https:\/\/veracruzanosexcepcionahles.com\/index.php\/wp-json\/wp\/v2\/posts\/3841\/revisions\/3846"}],"wp:featuredmedia":[{"embeddable":true,"href":"https:\/\/veracruzanosexcepcionahles.com\/index.php\/wp-json\/wp\/v2\/media\/3842"}],"wp:attachment":[{"href":"https:\/\/veracruzanosexcepcionahles.com\/index.php\/wp-json\/wp\/v2\/media?parent=3841"}],"wp:term":[{"taxonomy":"category","embeddable":true,"href":"https:\/\/veracruzanosexcepcionahles.com\/index.php\/wp-json\/wp\/v2\/categories?post=3841"},{"taxonomy":"post_tag","embeddable":true,"href":"https:\/\/veracruzanosexcepcionahles.com\/index.php\/wp-json\/wp\/v2\/tags?post=3841"}],"curies":[{"name":"wp","href":"https:\/\/api.w.org\/{rel}","templated":true}]}}