{"id":3827,"date":"2024-12-10T17:01:05","date_gmt":"2024-12-10T23:01:05","guid":{"rendered":"https:\/\/veracruzanosexcepcionahles.com\/?p=3827"},"modified":"2024-12-10T17:02:33","modified_gmt":"2024-12-10T23:02:33","slug":"conmemora-sev-dia-internacional-de-los-derechos-humanos","status":"publish","type":"post","link":"https:\/\/veracruzanosexcepcionahles.com\/index.php\/2024\/12\/10\/conmemora-sev-dia-internacional-de-los-derechos-humanos\/","title":{"rendered":"Conmemora SEV D\u00eda Internacional de los Derechos Humanos"},"content":{"rendered":"\n<figure class=\"wp-block-gallery has-nested-images columns-default is-cropped wp-block-gallery-1 is-layout-flex wp-block-gallery-is-layout-flex\">\n<figure class=\"wp-block-image size-large\"><img loading=\"lazy\" decoding=\"async\" width=\"1024\" height=\"683\" data-id=\"3829\" src=\"https:\/\/veracruzanosexcepcionahles.com\/wp-content\/uploads\/2024\/12\/WhatsApp-Image-2024-12-10-at-4.57.25-PM-1024x683.jpeg\" alt=\"\" class=\"wp-image-3829\" srcset=\"https:\/\/veracruzanosexcepcionahles.com\/wp-content\/uploads\/2024\/12\/WhatsApp-Image-2024-12-10-at-4.57.25-PM-1024x683.jpeg 1024w, https:\/\/veracruzanosexcepcionahles.com\/wp-content\/uploads\/2024\/12\/WhatsApp-Image-2024-12-10-at-4.57.25-PM-300x200.jpeg 300w, https:\/\/veracruzanosexcepcionahles.com\/wp-content\/uploads\/2024\/12\/WhatsApp-Image-2024-12-10-at-4.57.25-PM-768x512.jpeg 768w, https:\/\/veracruzanosexcepcionahles.com\/wp-content\/uploads\/2024\/12\/WhatsApp-Image-2024-12-10-at-4.57.25-PM-600x400.jpeg 600w, https:\/\/veracruzanosexcepcionahles.com\/wp-content\/uploads\/2024\/12\/WhatsApp-Image-2024-12-10-at-4.57.25-PM.jpeg 1440w\" sizes=\"auto, (max-width: 1024px) 100vw, 1024px\" \/><\/figure>\n\n\n\n<figure class=\"wp-block-image size-large\"><img loading=\"lazy\" decoding=\"async\" width=\"1024\" height=\"683\" data-id=\"3830\" src=\"https:\/\/veracruzanosexcepcionahles.com\/wp-content\/uploads\/2024\/12\/WhatsApp-Image-2024-12-10-at-4.57.24-PM-1-1024x683.jpeg\" alt=\"\" class=\"wp-image-3830\" srcset=\"https:\/\/veracruzanosexcepcionahles.com\/wp-content\/uploads\/2024\/12\/WhatsApp-Image-2024-12-10-at-4.57.24-PM-1-1024x683.jpeg 1024w, https:\/\/veracruzanosexcepcionahles.com\/wp-content\/uploads\/2024\/12\/WhatsApp-Image-2024-12-10-at-4.57.24-PM-1-300x200.jpeg 300w, https:\/\/veracruzanosexcepcionahles.com\/wp-content\/uploads\/2024\/12\/WhatsApp-Image-2024-12-10-at-4.57.24-PM-1-768x512.jpeg 768w, https:\/\/veracruzanosexcepcionahles.com\/wp-content\/uploads\/2024\/12\/WhatsApp-Image-2024-12-10-at-4.57.24-PM-1-600x400.jpeg 600w, https:\/\/veracruzanosexcepcionahles.com\/wp-content\/uploads\/2024\/12\/WhatsApp-Image-2024-12-10-at-4.57.24-PM-1.jpeg 1440w\" sizes=\"auto, (max-width: 1024px) 100vw, 1024px\" \/><\/figure>\n\n\n\n<figure class=\"wp-block-image size-large\"><img loading=\"lazy\" decoding=\"async\" width=\"1024\" height=\"683\" data-id=\"3832\" src=\"https:\/\/veracruzanosexcepcionahles.com\/wp-content\/uploads\/2024\/12\/WhatsApp-Image-2024-12-10-at-4.57.23-PM-1-1024x683.jpeg\" alt=\"\" class=\"wp-image-3832\" srcset=\"https:\/\/veracruzanosexcepcionahles.com\/wp-content\/uploads\/2024\/12\/WhatsApp-Image-2024-12-10-at-4.57.23-PM-1-1024x683.jpeg 1024w, https:\/\/veracruzanosexcepcionahles.com\/wp-content\/uploads\/2024\/12\/WhatsApp-Image-2024-12-10-at-4.57.23-PM-1-300x200.jpeg 300w, https:\/\/veracruzanosexcepcionahles.com\/wp-content\/uploads\/2024\/12\/WhatsApp-Image-2024-12-10-at-4.57.23-PM-1-768x512.jpeg 768w, https:\/\/veracruzanosexcepcionahles.com\/wp-content\/uploads\/2024\/12\/WhatsApp-Image-2024-12-10-at-4.57.23-PM-1-600x400.jpeg 600w, https:\/\/veracruzanosexcepcionahles.com\/wp-content\/uploads\/2024\/12\/WhatsApp-Image-2024-12-10-at-4.57.23-PM-1.jpeg 1440w\" sizes=\"auto, (max-width: 1024px) 100vw, 1024px\" \/><\/figure>\n<\/figure>\n\n\n\n<blockquote class=\"wp-block-quote is-layout-flow wp-block-quote-is-layout-flow\">\n<p>CEDH reconoce Roc\u00edo Nahle por promover respeto a las garant\u00edas individuales.<\/p>\n<\/blockquote>\n\n\n\n<p>Xalapa, Ver., martes 10 de diciembre de 2024.- La Secretar\u00eda de Educaci\u00f3n (SEV) conmemor\u00f3 el D\u00eda Internacional de los Derechos Humanos, promoviendo la transformaci\u00f3n social, la inclusi\u00f3n y una cultura de paz, alineados con las estrategias de la gobernadora de Veracruz, Roc\u00edo Nahle Garc\u00eda y la presidenta Claudia Sheinbaum Pardo.<\/p>\n\n\n\n<p>En este contexto, la titular de la SEV, Claudia Tello Espinosa, destac\u00f3 la importancia de que los colaboradores desempe\u00f1en su labor con respeto, para asegurar que quienes acudan a la dependencia obtengan resultados positivos.<\/p>\n\n\n\n<p>\u201cEstamos comprometidos con nuestra funci\u00f3n, asumiendo las riendas para continuar con la transformaci\u00f3n; vamos por el siguiente paso, cuidando y respetando los derechos de todos y de todas\u201d, expres\u00f3.<\/p>\n\n\n\n<p>Por su parte, la presidenta de la Comisi\u00f3n Estatal de los Derechos Humanos, Namiko Matzumoto Ben\u00edtez, confi\u00f3 en el compromiso de trabajar por garantizar la universalidad de los derechos humanos e inst\u00f3 a los asistentes a ejercerlos, ya que no son concesiones, sino obligaciones del Estado.<\/p>\n\n\n\n<p>En su intervenci\u00f3n, la titular de la Unidad de G\u00e9nero, Perla Estrellita Aguilar Castellanos, llam\u00f3 a fomentar las garant\u00edas individuales desde los primeros niveles educativos, contribuyendo al impulso de la igualdad sustantiva entre las nuevas generaciones, previniendo cualquier tipo de violencia y discriminaci\u00f3n.<\/p>\n","protected":false},"excerpt":{"rendered":"<p>CEDH reconoce Roc\u00edo Nahle por promover respeto a las garant\u00edas individuales. Xalapa, Ver., martes 10 de diciembre de 2024.- La Secretar\u00eda de Educaci\u00f3n (SEV) conmemor\u00f3 el D\u00eda Internacional de los Derechos Humanos, promoviendo la transformaci\u00f3n social, la inclusi\u00f3n y una cultura de paz, alineados con las estrategias de la gobernadora de Veracruz, Roc\u00edo Nahle Garc\u00eda&#8230;<\/p>\n","protected":false},"author":2,"featured_media":3828,"comment_status":"closed","ping_status":"closed","sticky":false,"template":"","format":"standard","meta":{"_jetpack_memberships_contains_paid_content":false,"footnotes":"","jetpack_publicize_message":"","jetpack_publicize_feature_enabled":true,"jetpack_social_post_already_shared":true,"jetpack_social_options":{"image_generator_settings":{"template":"highway","default_image_id":0,"font":"","enabled":false},"version":2}},"categories":[2],"tags":[],"class_list":["post-3827","post","type-post","status-publish","format-standard","has-post-thumbnail","hentry","category-gobiernoestatal"],"jetpack_publicize_connections":[],"jetpack_featured_media_url":"https:\/\/veracruzanosexcepcionahles.com\/wp-content\/uploads\/2024\/12\/WhatsApp-Image-2024-12-10-at-4.57.23-PM.jpeg","jetpack_sharing_enabled":true,"jetpack_likes_enabled":true,"jetpack_shortlink":"https:\/\/wp.me\/pe8dhK-ZJ","_links":{"self":[{"href":"https:\/\/veracruzanosexcepcionahles.com\/index.php\/wp-json\/wp\/v2\/posts\/3827","targetHints":{"allow":["GET"]}}],"collection":[{"href":"https:\/\/veracruzanosexcepcionahles.com\/index.php\/wp-json\/wp\/v2\/posts"}],"about":[{"href":"https:\/\/veracruzanosexcepcionahles.com\/index.php\/wp-json\/wp\/v2\/types\/post"}],"author":[{"embeddable":true,"href":"https:\/\/veracruzanosexcepcionahles.com\/index.php\/wp-json\/wp\/v2\/users\/2"}],"replies":[{"embeddable":true,"href":"https:\/\/veracruzanosexcepcionahles.com\/index.php\/wp-json\/wp\/v2\/comments?post=3827"}],"version-history":[{"count":2,"href":"https:\/\/veracruzanosexcepcionahles.com\/index.php\/wp-json\/wp\/v2\/posts\/3827\/revisions"}],"predecessor-version":[{"id":3834,"href":"https:\/\/veracruzanosexcepcionahles.com\/index.php\/wp-json\/wp\/v2\/posts\/3827\/revisions\/3834"}],"wp:featuredmedia":[{"embeddable":true,"href":"https:\/\/veracruzanosexcepcionahles.com\/index.php\/wp-json\/wp\/v2\/media\/3828"}],"wp:attachment":[{"href":"https:\/\/veracruzanosexcepcionahles.com\/index.php\/wp-json\/wp\/v2\/media?parent=3827"}],"wp:term":[{"taxonomy":"category","embeddable":true,"href":"https:\/\/veracruzanosexcepcionahles.com\/index.php\/wp-json\/wp\/v2\/categories?post=3827"},{"taxonomy":"post_tag","embeddable":true,"href":"https:\/\/veracruzanosexcepcionahles.com\/index.php\/wp-json\/wp\/v2\/tags?post=3827"}],"curies":[{"name":"wp","href":"https:\/\/api.w.org\/{rel}","templated":true}]}}