{"id":3782,"date":"2024-12-10T10:00:45","date_gmt":"2024-12-10T16:00:45","guid":{"rendered":"https:\/\/veracruzanosexcepcionahles.com\/?p=3782"},"modified":"2024-12-10T10:00:47","modified_gmt":"2024-12-10T16:00:47","slug":"realiza-sev-festejo-de-fin-de-ano-para-trabajadores-federales","status":"publish","type":"post","link":"https:\/\/veracruzanosexcepcionahles.com\/index.php\/2024\/12\/10\/realiza-sev-festejo-de-fin-de-ano-para-trabajadores-federales\/","title":{"rendered":"Realiza SEV Festejo de Fin de A\u00f1o para trabajadores federales"},"content":{"rendered":"\n<p><\/p>\n\n\n\n<blockquote class=\"wp-block-quote is-layout-flow wp-block-quote-is-layout-flow\">\n<p>La Secretaria ofreci\u00f3 un emotivo mensaje e inst\u00f3 a los trabajadores a laborar unidos por amor a la educaci\u00f3n.<\/p>\n<\/blockquote>\n\n\n\n<p>Xalapa, Ver., lunes 09 de diciembre de 2024.- Alrededor de mil 700 trabajadores del sistema federalizado disfrutaron del Festejo de Fin de A\u00f1o que organiz\u00f3 la Secretar\u00eda de Educaci\u00f3n de Veracruz (SEV).<\/p>\n\n\n\n<p>En presencia del secretario del Trabajo, Previsi\u00f3n Social y Productividad, Luis Arturo Santiago Mart\u00ednez \u2014quien acudi\u00f3 con la representaci\u00f3n de la gobernadora Roc\u00edo Nahle Garc\u00eda\u2014, la secretaria de Educaci\u00f3n, Claudia Tello Espinosa, se dirigi\u00f3 a los presentes en el Vel\u00f3dromo Internacional de Xalapa con un emotivo mensaje, en el que destac\u00f3 el hist\u00f3rico momento que se vive en el pa\u00eds y en el estado.<\/p>\n\n\n\n<p>Record\u00f3 que se trabajar\u00e1 con base en cinco ejes rectores, para lo que se requiere del apoyo y compromiso de todos los que trabajan en la dependencia.<\/p>\n\n\n\n<p>\u201cQuiero comprometerme ante ustedes a sacar adelante el sistema educativo de nuestro estado, no sin antes decir que depender\u00e1 del apoyo y unidad de quienes estamos en la Secretar\u00eda\u201d, extern\u00f3 y a\u00f1adi\u00f3 que existen las condiciones para tener alumnos de excelencia en el estado.<\/p>\n\n\n\n<p>En su intervenci\u00f3n, el secretario del Trabajo, Previsi\u00f3n Social y Productividad hizo extensivo un abrazo de la mandataria estatal, quien, dijo, tiene al magisterio presente al ser parte de la Cuarta Transformaci\u00f3n. Durante la celebraci\u00f3n se cont\u00f3 con m\u00fasica y rifas.<\/p>\n\n\n\n<p>Estuvieron presentes la diputada Valeria M\u00e9ndez Moctezuma; los subsecretarios de Educaci\u00f3n B\u00e1sica, Maritza Ram\u00edrez Aguilar; de Educaci\u00f3n Media Superior y Superior, El\u00edas Calixto Armas, y de Desarrollo Educativo, Rosalba Valencia Cruz; la oficial mayor, Mar\u00eda Esther Reyes Gonz\u00e1lez; el coordinador de Delegaciones Regionales, Carlos Javier Matheis Mart\u00ednez; la titular de la Unidad de Planeaci\u00f3n, Evaluaci\u00f3n y Control Educativo, Neyra Arleth Bautista Mayora, y la directora de Recursos Humanos, Sof\u00eda Quiroz Allende.<\/p>\n","protected":false},"excerpt":{"rendered":"<p>La Secretaria ofreci\u00f3 un emotivo mensaje e inst\u00f3 a los trabajadores a laborar unidos por amor a la educaci\u00f3n. Xalapa, Ver., lunes 09 de diciembre de 2024.- Alrededor de mil 700 trabajadores del sistema federalizado disfrutaron del Festejo de Fin de A\u00f1o que organiz\u00f3 la Secretar\u00eda de Educaci\u00f3n de Veracruz (SEV). En presencia del secretario&#8230;<\/p>\n","protected":false},"author":2,"featured_media":3783,"comment_status":"closed","ping_status":"closed","sticky":false,"template":"","format":"standard","meta":{"_jetpack_memberships_contains_paid_content":false,"footnotes":"","jetpack_publicize_message":"","jetpack_publicize_feature_enabled":true,"jetpack_social_post_already_shared":true,"jetpack_social_options":{"image_generator_settings":{"template":"highway","default_image_id":0,"font":"","enabled":false},"version":2}},"categories":[2],"tags":[],"class_list":["post-3782","post","type-post","status-publish","format-standard","has-post-thumbnail","hentry","category-gobiernoestatal"],"jetpack_publicize_connections":[],"jetpack_featured_media_url":"https:\/\/veracruzanosexcepcionahles.com\/wp-content\/uploads\/2024\/12\/WhatsApp-Image-2024-12-09-at-9.17.10-PM.jpeg","jetpack_sharing_enabled":true,"jetpack_likes_enabled":true,"jetpack_shortlink":"https:\/\/wp.me\/pe8dhK-Z0","_links":{"self":[{"href":"https:\/\/veracruzanosexcepcionahles.com\/index.php\/wp-json\/wp\/v2\/posts\/3782","targetHints":{"allow":["GET"]}}],"collection":[{"href":"https:\/\/veracruzanosexcepcionahles.com\/index.php\/wp-json\/wp\/v2\/posts"}],"about":[{"href":"https:\/\/veracruzanosexcepcionahles.com\/index.php\/wp-json\/wp\/v2\/types\/post"}],"author":[{"embeddable":true,"href":"https:\/\/veracruzanosexcepcionahles.com\/index.php\/wp-json\/wp\/v2\/users\/2"}],"replies":[{"embeddable":true,"href":"https:\/\/veracruzanosexcepcionahles.com\/index.php\/wp-json\/wp\/v2\/comments?post=3782"}],"version-history":[{"count":1,"href":"https:\/\/veracruzanosexcepcionahles.com\/index.php\/wp-json\/wp\/v2\/posts\/3782\/revisions"}],"predecessor-version":[{"id":3784,"href":"https:\/\/veracruzanosexcepcionahles.com\/index.php\/wp-json\/wp\/v2\/posts\/3782\/revisions\/3784"}],"wp:featuredmedia":[{"embeddable":true,"href":"https:\/\/veracruzanosexcepcionahles.com\/index.php\/wp-json\/wp\/v2\/media\/3783"}],"wp:attachment":[{"href":"https:\/\/veracruzanosexcepcionahles.com\/index.php\/wp-json\/wp\/v2\/media?parent=3782"}],"wp:term":[{"taxonomy":"category","embeddable":true,"href":"https:\/\/veracruzanosexcepcionahles.com\/index.php\/wp-json\/wp\/v2\/categories?post=3782"},{"taxonomy":"post_tag","embeddable":true,"href":"https:\/\/veracruzanosexcepcionahles.com\/index.php\/wp-json\/wp\/v2\/tags?post=3782"}],"curies":[{"name":"wp","href":"https:\/\/api.w.org\/{rel}","templated":true}]}}