{"id":3759,"date":"2024-12-09T10:03:51","date_gmt":"2024-12-09T16:03:51","guid":{"rendered":"https:\/\/veracruzanosexcepcionahles.com\/?p=3759"},"modified":"2024-12-09T10:03:53","modified_gmt":"2024-12-09T16:03:53","slug":"atiende-subsecretario-de-gobierno-jose-manuel-pozos-castro-demandas-del-sindicato-unico-de-trabajadores-al-servicio-del-instituto-de-espacios-educativos","status":"publish","type":"post","link":"https:\/\/veracruzanosexcepcionahles.com\/index.php\/2024\/12\/09\/atiende-subsecretario-de-gobierno-jose-manuel-pozos-castro-demandas-del-sindicato-unico-de-trabajadores-al-servicio-del-instituto-de-espacios-educativos\/","title":{"rendered":"Atiende Subsecretario de Gobierno Jos\u00e9 Manuel Pozos Castro demandas del Sindicato \u00danico de Trabajadores al Servicio del Instituto de Espacios Educativos."},"content":{"rendered":"\n<figure class=\"wp-block-gallery has-nested-images columns-default is-cropped wp-block-gallery-1 is-layout-flex wp-block-gallery-is-layout-flex\">\n<figure class=\"wp-block-image size-large\"><img loading=\"lazy\" decoding=\"async\" width=\"1024\" height=\"682\" data-id=\"3760\" src=\"https:\/\/veracruzanosexcepcionahles.com\/wp-content\/uploads\/2024\/12\/WhatsApp-Image-2024-12-07-at-10.16.06-PM-2-1024x682.jpeg\" alt=\"\" class=\"wp-image-3760\" srcset=\"https:\/\/veracruzanosexcepcionahles.com\/wp-content\/uploads\/2024\/12\/WhatsApp-Image-2024-12-07-at-10.16.06-PM-2-1024x682.jpeg 1024w, https:\/\/veracruzanosexcepcionahles.com\/wp-content\/uploads\/2024\/12\/WhatsApp-Image-2024-12-07-at-10.16.06-PM-2-300x200.jpeg 300w, https:\/\/veracruzanosexcepcionahles.com\/wp-content\/uploads\/2024\/12\/WhatsApp-Image-2024-12-07-at-10.16.06-PM-2-768x512.jpeg 768w, https:\/\/veracruzanosexcepcionahles.com\/wp-content\/uploads\/2024\/12\/WhatsApp-Image-2024-12-07-at-10.16.06-PM-2-600x400.jpeg 600w, https:\/\/veracruzanosexcepcionahles.com\/wp-content\/uploads\/2024\/12\/WhatsApp-Image-2024-12-07-at-10.16.06-PM-2.jpeg 1280w\" sizes=\"auto, (max-width: 1024px) 100vw, 1024px\" \/><\/figure>\n\n\n\n<figure class=\"wp-block-image size-large\"><img loading=\"lazy\" decoding=\"async\" width=\"1024\" height=\"683\" data-id=\"3761\" src=\"https:\/\/veracruzanosexcepcionahles.com\/wp-content\/uploads\/2024\/12\/WhatsApp-Image-2024-12-07-at-10.16.06-PM-1-1024x683.jpeg\" alt=\"\" class=\"wp-image-3761\" srcset=\"https:\/\/veracruzanosexcepcionahles.com\/wp-content\/uploads\/2024\/12\/WhatsApp-Image-2024-12-07-at-10.16.06-PM-1-1024x683.jpeg 1024w, https:\/\/veracruzanosexcepcionahles.com\/wp-content\/uploads\/2024\/12\/WhatsApp-Image-2024-12-07-at-10.16.06-PM-1-300x200.jpeg 300w, https:\/\/veracruzanosexcepcionahles.com\/wp-content\/uploads\/2024\/12\/WhatsApp-Image-2024-12-07-at-10.16.06-PM-1-768x512.jpeg 768w, https:\/\/veracruzanosexcepcionahles.com\/wp-content\/uploads\/2024\/12\/WhatsApp-Image-2024-12-07-at-10.16.06-PM-1-600x400.jpeg 600w, https:\/\/veracruzanosexcepcionahles.com\/wp-content\/uploads\/2024\/12\/WhatsApp-Image-2024-12-07-at-10.16.06-PM-1.jpeg 1040w\" sizes=\"auto, (max-width: 1024px) 100vw, 1024px\" \/><\/figure>\n\n\n\n<figure class=\"wp-block-image size-large\"><img loading=\"lazy\" decoding=\"async\" width=\"1024\" height=\"682\" data-id=\"3762\" src=\"https:\/\/veracruzanosexcepcionahles.com\/wp-content\/uploads\/2024\/12\/WhatsApp-Image-2024-12-07-at-10.16.06-PM-1024x682.jpeg\" alt=\"\" class=\"wp-image-3762\" srcset=\"https:\/\/veracruzanosexcepcionahles.com\/wp-content\/uploads\/2024\/12\/WhatsApp-Image-2024-12-07-at-10.16.06-PM-1024x682.jpeg 1024w, https:\/\/veracruzanosexcepcionahles.com\/wp-content\/uploads\/2024\/12\/WhatsApp-Image-2024-12-07-at-10.16.06-PM-300x200.jpeg 300w, https:\/\/veracruzanosexcepcionahles.com\/wp-content\/uploads\/2024\/12\/WhatsApp-Image-2024-12-07-at-10.16.06-PM-768x512.jpeg 768w, https:\/\/veracruzanosexcepcionahles.com\/wp-content\/uploads\/2024\/12\/WhatsApp-Image-2024-12-07-at-10.16.06-PM-600x400.jpeg 600w, https:\/\/veracruzanosexcepcionahles.com\/wp-content\/uploads\/2024\/12\/WhatsApp-Image-2024-12-07-at-10.16.06-PM.jpeg 1280w\" sizes=\"auto, (max-width: 1024px) 100vw, 1024px\" \/><\/figure>\n<\/figure>\n\n\n\n<p>Xalapa, Ver.-09 de noviembre de 2024.-El Secretario General del Sindicato \u00danico de Trabajadores al Servicio del Instituto de Espacios Educativos C. Carlos David J\u00e1come Macias Secretario, se reuni\u00f3 junto al Comit\u00e9 Sindical en palacio de gobierno con el Subsecretario de Gobierno Jos\u00e9 Manuel Pozos Castro, para tratar temas relativos a los derechos laborales de la los empleados sindicalizados de esa organizaci\u00f3n sindical.<\/p>\n\n\n\n<p>Es importante destacar la disposici\u00f3n del funcionario estatal de darle continuidad a la pol\u00edtica p\u00fablica de este gobierno del segundo piso de la cuarta transformaci\u00f3n de escuchar y resolver, las inquietudes y solicitudes de la base trabajadoras.<br>En un di\u00e1logo abierto a expresar ideas, inquietudes, demandas laborales, seguridad social, entre otras cosas, el l\u00edder sindical dijo que estar\u00e1 muy atento para resolver todas las situaciones que se vayan presentando en el desempe\u00f1o de sus funciones en la defensa de los derechos laborales de ese gremio sindical, as\u00ed como los asuntos pendientes.<br>A nombre de toda la Delegaci\u00f3n Sindical Carlos David J\u00e1come Mac\u00edas, agradeci\u00f3 a la gobernadora Roc\u00edo Nahle Garc\u00eda y al Subsecretario Jos\u00e9 Manuel Pozos Castro, por el recibimiento y atenciones de su parte, enfatizando en que a Veracruz le va a ir muy bien en este sexenio de mano de una mujer que ama a la entidad y que estar\u00e1 trabajando para que los veracruzanos, tengan mejores condiciones de vida.<\/p>\n","protected":false},"excerpt":{"rendered":"<p>Xalapa, Ver.-09 de noviembre de 2024.-El Secretario General del Sindicato \u00danico de Trabajadores al Servicio del Instituto de Espacios Educativos C. Carlos David J\u00e1come Macias Secretario, se reuni\u00f3 junto al Comit\u00e9 Sindical en palacio de gobierno con el Subsecretario de Gobierno Jos\u00e9 Manuel Pozos Castro, para tratar temas relativos a los derechos laborales de la&#8230;<\/p>\n","protected":false},"author":2,"featured_media":3763,"comment_status":"closed","ping_status":"closed","sticky":false,"template":"","format":"standard","meta":{"_jetpack_memberships_contains_paid_content":false,"footnotes":"","jetpack_publicize_message":"","jetpack_publicize_feature_enabled":true,"jetpack_social_post_already_shared":true,"jetpack_social_options":{"image_generator_settings":{"template":"highway","default_image_id":0,"font":"","enabled":false},"version":2}},"categories":[3],"tags":[],"class_list":["post-3759","post","type-post","status-publish","format-standard","has-post-thumbnail","hentry","category-politica"],"jetpack_publicize_connections":[],"jetpack_featured_media_url":"https:\/\/veracruzanosexcepcionahles.com\/wp-content\/uploads\/2024\/12\/WhatsApp-Image-2024-12-07-at-10.16.06-PM-1-1.jpeg","jetpack_sharing_enabled":true,"jetpack_likes_enabled":true,"jetpack_shortlink":"https:\/\/wp.me\/pe8dhK-YD","_links":{"self":[{"href":"https:\/\/veracruzanosexcepcionahles.com\/index.php\/wp-json\/wp\/v2\/posts\/3759","targetHints":{"allow":["GET"]}}],"collection":[{"href":"https:\/\/veracruzanosexcepcionahles.com\/index.php\/wp-json\/wp\/v2\/posts"}],"about":[{"href":"https:\/\/veracruzanosexcepcionahles.com\/index.php\/wp-json\/wp\/v2\/types\/post"}],"author":[{"embeddable":true,"href":"https:\/\/veracruzanosexcepcionahles.com\/index.php\/wp-json\/wp\/v2\/users\/2"}],"replies":[{"embeddable":true,"href":"https:\/\/veracruzanosexcepcionahles.com\/index.php\/wp-json\/wp\/v2\/comments?post=3759"}],"version-history":[{"count":1,"href":"https:\/\/veracruzanosexcepcionahles.com\/index.php\/wp-json\/wp\/v2\/posts\/3759\/revisions"}],"predecessor-version":[{"id":3764,"href":"https:\/\/veracruzanosexcepcionahles.com\/index.php\/wp-json\/wp\/v2\/posts\/3759\/revisions\/3764"}],"wp:featuredmedia":[{"embeddable":true,"href":"https:\/\/veracruzanosexcepcionahles.com\/index.php\/wp-json\/wp\/v2\/media\/3763"}],"wp:attachment":[{"href":"https:\/\/veracruzanosexcepcionahles.com\/index.php\/wp-json\/wp\/v2\/media?parent=3759"}],"wp:term":[{"taxonomy":"category","embeddable":true,"href":"https:\/\/veracruzanosexcepcionahles.com\/index.php\/wp-json\/wp\/v2\/categories?post=3759"},{"taxonomy":"post_tag","embeddable":true,"href":"https:\/\/veracruzanosexcepcionahles.com\/index.php\/wp-json\/wp\/v2\/tags?post=3759"}],"curies":[{"name":"wp","href":"https:\/\/api.w.org\/{rel}","templated":true}]}}