{"id":3750,"date":"2024-12-08T22:27:17","date_gmt":"2024-12-09T04:27:17","guid":{"rendered":"https:\/\/veracruzanosexcepcionahles.com\/?p=3750"},"modified":"2024-12-08T22:27:20","modified_gmt":"2024-12-09T04:27:20","slug":"veracruz-se-pondra-de-moda-al-fortalecer-la-promocion-del-patrimonio-cultural","status":"publish","type":"post","link":"https:\/\/veracruzanosexcepcionahles.com\/index.php\/2024\/12\/08\/veracruz-se-pondra-de-moda-al-fortalecer-la-promocion-del-patrimonio-cultural\/","title":{"rendered":"Veracruz se pondr\u00e1 de moda al fortalecer la promoci\u00f3n del patrimonio cultural"},"content":{"rendered":"\n<p><\/p>\n\n\n\n<blockquote class=\"wp-block-quote is-layout-flow wp-block-quote-is-layout-flow\">\n<p>La estrategia es la preservaci\u00f3n y conservaci\u00f3n para las futuras generaciones.<\/p>\n<\/blockquote>\n\n\n\n<p>Xalapa, Ver., domingo 08 de diciembre de 2024.- La colaboraci\u00f3n entre la Secretar\u00eda de Cultura de Veracruz y la Direcci\u00f3n General de la Conservadur\u00eda de Palacio Nacional y Patrimonio Cultural ser\u00e1 fortalecida en la presente administraci\u00f3n para que la riqueza del estado contin\u00fae siendo un s\u00edmbolo de identidad y orgullo.<\/p>\n\n\n\n<p>A fin de desarrollar nuevos proyectos y reimpulsar la promoci\u00f3n de la memoria hist\u00f3rica de Veracruz, como ha planteado la gobernadora Roc\u00edo Nahle Garc\u00eda, las titulares de ambas instituciones, X\u00f3chitl Molina Gonz\u00e1lez y Adriana Castillo Rom\u00e1n, se reunieron en el recinto Leyes de Reforma durante una visita oficial.<\/p>\n\n\n\n<p>Como parte del compromiso de poner a Veracruz de moda, establecido en el Programa Veracruzano de los 100 d\u00edas, tendr\u00e1 lugar una serie de acciones enfocadas a fortalecer la cultura popular, preservar las tradiciones y fomentar la participaci\u00f3n ciudadana.<\/p>\n\n\n\n<p>Destacan los encuentros de cocineras tradicionales de la regi\u00f3n de Los Tuxtlas y exposiciones artesanales de los pueblos originarios; as\u00ed como de m\u00e9dicos tradicionales, parteras, sobadores, yerberos y culebreros, con el objetivo de reconocer y conservar sus pr\u00e1cticas ancestrales.<\/p>\n\n\n\n<p>En el \u00e1mbito acad\u00e9mico, el Encuentro Regional de Historiadores y Cronistas de la Ciudad y el evento Veracruz, Ruta de Mujeres: \u201cMalinalli, Joven de Amajac y las Xiwimeh\u201d, iniciativa para visibilizar las contribuciones femeninas en la historia y cultura.<\/p>\n\n\n\n<p>Adem\u00e1s, el Programa de Democratizaci\u00f3n de la Cultura: \u201cVisita a Museos y Recintos Culturales\u201d dirigido a estudiantes, ciudadanos y grupos organizados para acercar el patrimonio a la sociedad, a la par del Programa de Mediaci\u00f3n Lectora que fomentar\u00e1 el h\u00e1bito en diversas comunidades.<\/p>\n\n\n\n<p>En colaboraci\u00f3n con la Secretar\u00eda de Desarrollo Econ\u00f3mico y Portuario fue dise\u00f1ado el convenio Cultura en Acci\u00f3n, cuyo prop\u00f3sito es impulsar a las micro, peque\u00f1as y medianas empresas del sector.<\/p>\n","protected":false},"excerpt":{"rendered":"<p>La estrategia es la preservaci\u00f3n y conservaci\u00f3n para las futuras generaciones. Xalapa, Ver., domingo 08 de diciembre de 2024.- La colaboraci\u00f3n entre la Secretar\u00eda de Cultura de Veracruz y la Direcci\u00f3n General de la Conservadur\u00eda de Palacio Nacional y Patrimonio Cultural ser\u00e1 fortalecida en la presente administraci\u00f3n para que la riqueza del estado contin\u00fae siendo&#8230;<\/p>\n","protected":false},"author":2,"featured_media":3751,"comment_status":"closed","ping_status":"closed","sticky":false,"template":"","format":"standard","meta":{"_jetpack_memberships_contains_paid_content":false,"footnotes":"","jetpack_publicize_message":"","jetpack_publicize_feature_enabled":true,"jetpack_social_post_already_shared":true,"jetpack_social_options":{"image_generator_settings":{"template":"highway","default_image_id":0,"font":"","enabled":false},"version":2}},"categories":[2],"tags":[],"class_list":["post-3750","post","type-post","status-publish","format-standard","has-post-thumbnail","hentry","category-gobiernoestatal"],"jetpack_publicize_connections":[],"jetpack_featured_media_url":"https:\/\/veracruzanosexcepcionahles.com\/wp-content\/uploads\/2024\/12\/WhatsApp-Image-2024-12-08-at-11.55.54-AM.jpeg","jetpack_sharing_enabled":true,"jetpack_likes_enabled":true,"jetpack_shortlink":"https:\/\/wp.me\/pe8dhK-Yu","_links":{"self":[{"href":"https:\/\/veracruzanosexcepcionahles.com\/index.php\/wp-json\/wp\/v2\/posts\/3750","targetHints":{"allow":["GET"]}}],"collection":[{"href":"https:\/\/veracruzanosexcepcionahles.com\/index.php\/wp-json\/wp\/v2\/posts"}],"about":[{"href":"https:\/\/veracruzanosexcepcionahles.com\/index.php\/wp-json\/wp\/v2\/types\/post"}],"author":[{"embeddable":true,"href":"https:\/\/veracruzanosexcepcionahles.com\/index.php\/wp-json\/wp\/v2\/users\/2"}],"replies":[{"embeddable":true,"href":"https:\/\/veracruzanosexcepcionahles.com\/index.php\/wp-json\/wp\/v2\/comments?post=3750"}],"version-history":[{"count":1,"href":"https:\/\/veracruzanosexcepcionahles.com\/index.php\/wp-json\/wp\/v2\/posts\/3750\/revisions"}],"predecessor-version":[{"id":3752,"href":"https:\/\/veracruzanosexcepcionahles.com\/index.php\/wp-json\/wp\/v2\/posts\/3750\/revisions\/3752"}],"wp:featuredmedia":[{"embeddable":true,"href":"https:\/\/veracruzanosexcepcionahles.com\/index.php\/wp-json\/wp\/v2\/media\/3751"}],"wp:attachment":[{"href":"https:\/\/veracruzanosexcepcionahles.com\/index.php\/wp-json\/wp\/v2\/media?parent=3750"}],"wp:term":[{"taxonomy":"category","embeddable":true,"href":"https:\/\/veracruzanosexcepcionahles.com\/index.php\/wp-json\/wp\/v2\/categories?post=3750"},{"taxonomy":"post_tag","embeddable":true,"href":"https:\/\/veracruzanosexcepcionahles.com\/index.php\/wp-json\/wp\/v2\/tags?post=3750"}],"curies":[{"name":"wp","href":"https:\/\/api.w.org\/{rel}","templated":true}]}}