{"id":3738,"date":"2024-12-07T23:54:17","date_gmt":"2024-12-08T05:54:17","guid":{"rendered":"https:\/\/veracruzanosexcepcionahles.com\/?p=3738"},"modified":"2024-12-07T23:54:19","modified_gmt":"2024-12-08T05:54:19","slug":"corta-legal-campana-que-fomenta-la-compra-responsable-de-arboles-de-navidad","status":"publish","type":"post","link":"https:\/\/veracruzanosexcepcionahles.com\/index.php\/2024\/12\/07\/corta-legal-campana-que-fomenta-la-compra-responsable-de-arboles-de-navidad\/","title":{"rendered":"Corta Legal, campa\u00f1a que fomenta la compra responsable de \u00e1rboles de Navidad"},"content":{"rendered":"\n<p><\/p>\n\n\n\n<p>&gt;Veracruz, cuarto lugar en producci\u00f3n de pinos.<\/p>\n\n\n\n<p>&gt;Ranchos silv\u00edcolas ofrecen 42 mil ejemplares.<\/p>\n\n\n\n<p><a><\/a>Xalapa, Ver., s\u00e1bado 07 de diciembre de 2024.- A trav\u00e9s de la campa\u00f1a Corta Legal, la Secretar\u00eda de Medio Ambiente, en coordinaci\u00f3n con la Comisi\u00f3n Nacional Forestal y silvicultores, invita a la ciudadan\u00eda a adquirir un \u00e1rbol de Navidad natural en una plantaci\u00f3n establecida y autorizada.<\/p>\n\n\n\n<p>El Gobierno del Estado busca promover sitios acreditados por autoridades federales y estatales para la venta estimada de 42 mil pinos; Por amor a Veracruz, Corta Legal y ayuda a evitar la tala clandestina, as\u00ed como a reactivar la econom\u00eda de los ranchos ubicados en las inmediaciones del Cofre de Perote.<\/p>\n\n\n\n<p>Veracruz ocupa el cuarto lugar nacional en producci\u00f3n, con un aumento promedio de 30 hect\u00e1reas al a\u00f1o; su particularidad respecto de otros estados es que la actividad depende en gran medida de silvicultores que reciben el respaldo institucional para la siembra y comercializaci\u00f3n.<\/p>\n\n\n\n<p>Adem\u00e1s, las plantaciones desempe\u00f1an un papel fundamental en la retenci\u00f3n de di\u00f3xido de carbono, generaci\u00f3n de ox\u00edgeno, prevenci\u00f3n de la erosi\u00f3n y disposici\u00f3n del agua que consume la regi\u00f3n.<\/p>\n\n\n\n<p>El corte del primer \u00e1rbol tuvo lugar en el rancho Hojas Anchas, municipio de Las Vigas, donde cosechan las especies cipr\u00e9s, Douglas, oyamel y vikingo, siendo las dos \u00faltimas las de mayor demanda.<\/p>\n\n\n\n<p>En la p\u00e1gina <a href=\"https:\/\/l.facebook.com\/l.php?u=https%3A%2F%2Fwww.veracruz.gob.mx%2Fmedioambiente%2Fprograma-recicla-tu-navidad%2F%3Ffbclid%3DIwZXh0bgNhZW0CMTAAAR1Sd-FBPmNdw1AfC0uONMwLmFM5HW3YlJM3djaVe7jqr62ob-wy-B_QRFs_aem_pBawHw7Y_-D6nkGkjrk1LA&amp;h=AT0utE227gWuv_tHFHr4u5dcOzoB1kGbT3r07KUau-9nsNAPkV4XAsX4NY2Fwb3J8qtnDo7uCc7PJF8YPEdfEqvE9h5pnJdBO5V179w8NhpXF9UsbJsk9zW_wMs7PGT399J-f0AakpL7Z2uU-kzU&amp;__tn__=-UK-R&amp;c[0]=AT0ww0wwJ2yenRI8ks7lNbUxiwpbM9odArJLaV8XF6cRRKSwktl4EnZ4lPVtpsKABsdimlkhOc7_xJKR7PWvdBVpuOmcgrKOjtGqi2dYTL0UN--WOkr8_eTW2P9MKg_zrpEnG2a2VOr8r84TxPmjrXt40a-MSLUxqYQMG48akc6VY7UW6kMs8NliC57fhWsgudKGy7naSFd2jlqcSPbVodjLjw\" rel=\"noreferrer noopener\" target=\"_blank\">https:\/\/www.veracruz.gob.mx\/&#8230;\/programa-recicla-tu-navidad\/<\/a> puedes ubicar los 31 sitios autorizados.<\/p>\n","protected":false},"excerpt":{"rendered":"<p>&gt;Veracruz, cuarto lugar en producci\u00f3n de pinos. &gt;Ranchos silv\u00edcolas ofrecen 42 mil ejemplares. Xalapa, Ver., s\u00e1bado 07 de diciembre de 2024.- A trav\u00e9s de la campa\u00f1a Corta Legal, la Secretar\u00eda de Medio Ambiente, en coordinaci\u00f3n con la Comisi\u00f3n Nacional Forestal y silvicultores, invita a la ciudadan\u00eda a adquirir un \u00e1rbol de Navidad natural en una&#8230;<\/p>\n","protected":false},"author":2,"featured_media":3739,"comment_status":"closed","ping_status":"closed","sticky":false,"template":"","format":"standard","meta":{"_jetpack_memberships_contains_paid_content":false,"footnotes":"","jetpack_publicize_message":"","jetpack_publicize_feature_enabled":true,"jetpack_social_post_already_shared":true,"jetpack_social_options":{"image_generator_settings":{"template":"highway","default_image_id":0,"font":"","enabled":false},"version":2}},"categories":[2],"tags":[],"class_list":["post-3738","post","type-post","status-publish","format-standard","has-post-thumbnail","hentry","category-gobiernoestatal"],"jetpack_publicize_connections":[],"jetpack_featured_media_url":"https:\/\/veracruzanosexcepcionahles.com\/wp-content\/uploads\/2024\/12\/WhatsApp-Image-2024-12-07-at-5.08.30-PM.jpeg","jetpack_sharing_enabled":true,"jetpack_likes_enabled":true,"jetpack_shortlink":"https:\/\/wp.me\/pe8dhK-Yi","_links":{"self":[{"href":"https:\/\/veracruzanosexcepcionahles.com\/index.php\/wp-json\/wp\/v2\/posts\/3738","targetHints":{"allow":["GET"]}}],"collection":[{"href":"https:\/\/veracruzanosexcepcionahles.com\/index.php\/wp-json\/wp\/v2\/posts"}],"about":[{"href":"https:\/\/veracruzanosexcepcionahles.com\/index.php\/wp-json\/wp\/v2\/types\/post"}],"author":[{"embeddable":true,"href":"https:\/\/veracruzanosexcepcionahles.com\/index.php\/wp-json\/wp\/v2\/users\/2"}],"replies":[{"embeddable":true,"href":"https:\/\/veracruzanosexcepcionahles.com\/index.php\/wp-json\/wp\/v2\/comments?post=3738"}],"version-history":[{"count":1,"href":"https:\/\/veracruzanosexcepcionahles.com\/index.php\/wp-json\/wp\/v2\/posts\/3738\/revisions"}],"predecessor-version":[{"id":3740,"href":"https:\/\/veracruzanosexcepcionahles.com\/index.php\/wp-json\/wp\/v2\/posts\/3738\/revisions\/3740"}],"wp:featuredmedia":[{"embeddable":true,"href":"https:\/\/veracruzanosexcepcionahles.com\/index.php\/wp-json\/wp\/v2\/media\/3739"}],"wp:attachment":[{"href":"https:\/\/veracruzanosexcepcionahles.com\/index.php\/wp-json\/wp\/v2\/media?parent=3738"}],"wp:term":[{"taxonomy":"category","embeddable":true,"href":"https:\/\/veracruzanosexcepcionahles.com\/index.php\/wp-json\/wp\/v2\/categories?post=3738"},{"taxonomy":"post_tag","embeddable":true,"href":"https:\/\/veracruzanosexcepcionahles.com\/index.php\/wp-json\/wp\/v2\/tags?post=3738"}],"curies":[{"name":"wp","href":"https:\/\/api.w.org\/{rel}","templated":true}]}}