{"id":3654,"date":"2024-12-03T22:40:13","date_gmt":"2024-12-04T04:40:13","guid":{"rendered":"https:\/\/veracruzanosexcepcionahles.com\/?p=3654"},"modified":"2024-12-03T22:40:16","modified_gmt":"2024-12-04T04:40:16","slug":"en-veracruz-habra-bienestar-para-todos-y-todas-rocio-nahle","status":"publish","type":"post","link":"https:\/\/veracruzanosexcepcionahles.com\/index.php\/2024\/12\/03\/en-veracruz-habra-bienestar-para-todos-y-todas-rocio-nahle\/","title":{"rendered":"En Veracruz habr\u00e1 Bienestar para todos y todas: Roc\u00edo Nahle"},"content":{"rendered":"\n<p><\/p>\n\n\n\n<blockquote class=\"wp-block-quote is-layout-flow wp-block-quote-is-layout-flow\">\n<p>*Se re\u00fane con Juan Javier G\u00f3mez Cazar\u00edn, reci\u00e9n nombrado delegado federal de Bienestar en Veracruz.<\/p>\n<\/blockquote>\n\n\n\n<p>Xalapa, Veracruz., martes 03 de diciembre de 2024.- La gobernadora de Veracruz, Roc\u00edo Nahle Garc\u00eda recibi\u00f3 al exdiputado local y actual delegado federal de Bienestar en la entidad, Juan Javier G\u00f3mez Cazar\u00edn.<\/p>\n\n\n\n<p>En sus redes sociales, la titular del Poder Ejecutivo, destac\u00f3 que habr\u00e1 \u201cpiso parejo\u201d en la entrega de los programas sociales por lo que los veracruzanos y veracruzanas deben estar seguros que contar\u00e1n con el apoyo de la federaci\u00f3n porque as\u00ed lo ha instruido la presidenta Claudia Sheinbaum Pardo.<\/p>\n\n\n\n<p>La mandataria veracruzana subray\u00f3 que a\u00fan contin\u00faa en la organizaci\u00f3n de la recepci\u00f3n de la administraci\u00f3n que tendr\u00e1 a su cargo hasta 2030.<\/p>\n\n\n\n<p>\u201cTodo el d\u00eda trabajamos en la recepci\u00f3n de temas administrativos, pero ya entrada la tarde recib\u00ed al nuevo delegado de bienestar de Veracruz Juan Javier G\u00f3mez Cazar\u00edn\u201d, apunt\u00f3.<\/p>\n\n\n\n<p>Record\u00f3 que nadie est\u00e1 por encima de lo que indica la ley y esta es clara al se\u00f1alar que los programas sociales no se condicionan.<\/p>\n\n\n\n<p>\u201cLos programas federales se respetan para todos los beneficiarios porque son derechos constitucionales. Nos vamos a coordinar bien!\u201d, asegur\u00f3.<\/p>\n","protected":false},"excerpt":{"rendered":"<p>*Se re\u00fane con Juan Javier G\u00f3mez Cazar\u00edn, reci\u00e9n nombrado delegado federal de Bienestar en Veracruz. Xalapa, Veracruz., martes 03 de diciembre de 2024.- La gobernadora de Veracruz, Roc\u00edo Nahle Garc\u00eda recibi\u00f3 al exdiputado local y actual delegado federal de Bienestar en la entidad, Juan Javier G\u00f3mez Cazar\u00edn. En sus redes sociales, la titular del Poder&#8230;<\/p>\n","protected":false},"author":2,"featured_media":3655,"comment_status":"closed","ping_status":"closed","sticky":false,"template":"","format":"standard","meta":{"_jetpack_memberships_contains_paid_content":false,"footnotes":"","jetpack_publicize_message":"","jetpack_publicize_feature_enabled":true,"jetpack_social_post_already_shared":true,"jetpack_social_options":{"image_generator_settings":{"template":"highway","default_image_id":0,"font":"","enabled":false},"version":2}},"categories":[23],"tags":[],"class_list":["post-3654","post","type-post","status-publish","format-standard","has-post-thumbnail","hentry","category-actividadesnahle"],"jetpack_publicize_connections":[],"jetpack_featured_media_url":"https:\/\/veracruzanosexcepcionahles.com\/wp-content\/uploads\/2024\/12\/WhatsApp-Image-2024-12-03-at-9.59.08-PM.jpeg","jetpack_sharing_enabled":true,"jetpack_likes_enabled":true,"jetpack_shortlink":"https:\/\/wp.me\/pe8dhK-WW","_links":{"self":[{"href":"https:\/\/veracruzanosexcepcionahles.com\/index.php\/wp-json\/wp\/v2\/posts\/3654","targetHints":{"allow":["GET"]}}],"collection":[{"href":"https:\/\/veracruzanosexcepcionahles.com\/index.php\/wp-json\/wp\/v2\/posts"}],"about":[{"href":"https:\/\/veracruzanosexcepcionahles.com\/index.php\/wp-json\/wp\/v2\/types\/post"}],"author":[{"embeddable":true,"href":"https:\/\/veracruzanosexcepcionahles.com\/index.php\/wp-json\/wp\/v2\/users\/2"}],"replies":[{"embeddable":true,"href":"https:\/\/veracruzanosexcepcionahles.com\/index.php\/wp-json\/wp\/v2\/comments?post=3654"}],"version-history":[{"count":1,"href":"https:\/\/veracruzanosexcepcionahles.com\/index.php\/wp-json\/wp\/v2\/posts\/3654\/revisions"}],"predecessor-version":[{"id":3656,"href":"https:\/\/veracruzanosexcepcionahles.com\/index.php\/wp-json\/wp\/v2\/posts\/3654\/revisions\/3656"}],"wp:featuredmedia":[{"embeddable":true,"href":"https:\/\/veracruzanosexcepcionahles.com\/index.php\/wp-json\/wp\/v2\/media\/3655"}],"wp:attachment":[{"href":"https:\/\/veracruzanosexcepcionahles.com\/index.php\/wp-json\/wp\/v2\/media?parent=3654"}],"wp:term":[{"taxonomy":"category","embeddable":true,"href":"https:\/\/veracruzanosexcepcionahles.com\/index.php\/wp-json\/wp\/v2\/categories?post=3654"},{"taxonomy":"post_tag","embeddable":true,"href":"https:\/\/veracruzanosexcepcionahles.com\/index.php\/wp-json\/wp\/v2\/tags?post=3654"}],"curies":[{"name":"wp","href":"https:\/\/api.w.org\/{rel}","templated":true}]}}