{"id":3557,"date":"2024-11-28T10:52:55","date_gmt":"2024-11-28T16:52:55","guid":{"rendered":"https:\/\/veracruzanosexcepcionahles.com\/?p=3557"},"modified":"2024-11-28T10:52:55","modified_gmt":"2024-11-28T16:52:55","slug":"comunicacion-eficaz-democratica-y-directa-genero-cercania-y-confianza-del-pueblo","status":"publish","type":"post","link":"https:\/\/veracruzanosexcepcionahles.com\/index.php\/2024\/11\/28\/comunicacion-eficaz-democratica-y-directa-genero-cercania-y-confianza-del-pueblo\/","title":{"rendered":"Comunicaci\u00f3n eficaz, democr\u00e1tica y directa gener\u00f3 cercan\u00eda y confianza del pueblo"},"content":{"rendered":"\n<p><\/p>\n\n\n\n<p><em>*Cobertura informativa, dise\u00f1o y difusi\u00f3n de contenidos, sin contrataci\u00f3n de agencias externas<\/em><\/p>\n\n\n\n<p><strong>Xalapa, Ver., 27 de noviembre de 2024.-<\/strong>&nbsp;La rendici\u00f3n de cuentas y el combate a la desinformaci\u00f3n mediante el di\u00e1logo circular desde el Poder Ejecutivo gener\u00f3 cercan\u00eda in\u00e9dita con la poblaci\u00f3n; tras seis a\u00f1os de comunicar mejor y a todos los sectores, el pueblo de Veracruz est\u00e1 m\u00e1s informado, politizado y democratizado, siendo la libertad de expresi\u00f3n una regla y no la excepci\u00f3n.<\/p>\n\n\n\n<p>El titular de la Coordinaci\u00f3n General de Comunicaci\u00f3n Social, Iv\u00e1n Joseph Luna Landa, manifest\u00f3 que lograr lo anterior requiri\u00f3 de muchas voluntades y sobre todo cambios radicales en organismos como Radio Televisi\u00f3n de Veracruz que recuper\u00f3 la cobertura estatal del 95 y 75 por ciento en cada modalidad, gracias a la instalaci\u00f3n del nuevo transmisor digital en La Perla.<\/p>\n\n\n\n<p>Asimismo, destac\u00f3 la vigencia de 15 a\u00f1os y el alcance superior a 150 kil\u00f3metros con la reciente concesi\u00f3n que asegura un impacto sin precedentes, principalmente en comunidades ind\u00edgenas, contrario a la estela de comunicaci\u00f3n neoliberal casi exclusiva de redes sociales y que incidi\u00f3 en la reconciliaci\u00f3n de la gente y sus instituciones.<\/p>\n\n\n\n<p>El Gobierno estatal atendi\u00f3 a los grupos m\u00e1s vulnerables y hacia all\u00e1 acudi\u00f3 la Direcci\u00f3n de Informaci\u00f3n Institucional a trav\u00e9s de mil 600 coberturas en 104 municipios donde el esfuerzo de reporteros, camar\u00f3grafos y fot\u00f3grafos hizo posible capturar las obras y acciones que impusieron r\u00e9cord y son clara muestra del compromiso de la administraci\u00f3n.<\/p>\n\n\n\n<p>Esa estrategia implicaba que el gobernador Cuitl\u00e1huac Garc\u00eda Jim\u00e9nez, en la l\u00ednea del expresidente Andr\u00e9s Manuel L\u00f3pez Obrador, mantuviera el di\u00e1logo frente a los representantes de los medios para dar a conocer los hechos, responder cuestionamientos y aclarar datos errados o tendenciosos, y tan s\u00f3lo en 2024 tuvieron lugar 86 conferencias de prensa.<\/p>\n\n\n\n<p>As\u00ed, la apreciaci\u00f3n positiva del combate a la delincuencia es resultado de la capacidad de comunicar de manera efectiva en torno a 263 mesas de la Coordinaci\u00f3n Estatal para la Construcci\u00f3n de la Paz desarrolladas en todas las regiones este a\u00f1o; seg\u00fan la Encuesta Nacional de Victimizaci\u00f3n y Percepci\u00f3n sobre Seguridad P\u00fablica (ENVIPE), el sexenio registr\u00f3 una mejor\u00eda del 10.74%.<\/p>\n\n\n\n<p>El oportuno seguimiento al mandatario y las dependencias permiti\u00f3 el respaldo documental de 8 mil 200 obras, mayormente hospitalarias y educativas, difundidas como evidencia veraz e irrefutable de los profundos cambios en el primer piso de la transformaci\u00f3n.<\/p>\n\n\n\n<p>A su vez, la planeaci\u00f3n, elaboraci\u00f3n y publicaci\u00f3n de 143 campa\u00f1as hizo llegar a la sociedad la oferta de programas y servicios gubernamentales sin contratar agencias externas; todo bajo el uso austero y efectivo de los recursos desde la Direcci\u00f3n de Comunicaci\u00f3n Directa y las unidades de Comunicaci\u00f3n Interinstitucional y de Dise\u00f1o e Imagen, responsable de 7 mil 448 productos en el \u00faltimo a\u00f1o.<\/p>\n\n\n\n<p>\u201cPor primera vez en d\u00e9cadas se ha gobernado junto al pueblo, nos hemos acompa\u00f1ado en una coyuntura hist\u00f3rica de la vida p\u00fablica de Veracruz y estoy convencido de que hubiera sido imposible sin la confianza recuperada de los veracruzanos y sin un trabajo informativo con sentido republicano, pensado por y para el pueblo\u201d.<\/p>\n\n\n\n<p>En la comparecencia ante los diputados integrantes de la Comisi\u00f3n de Gobernaci\u00f3n de la LXVII Legislatura, el Coordinador General de Comunicaci\u00f3n agradeci\u00f3 la colaboraci\u00f3n de profesionales incansables y seguros de su papel fundamental en la tarea de mantener a todo un estado oportunamente informado.<\/p>\n","protected":false},"excerpt":{"rendered":"<p>*Cobertura informativa, dise\u00f1o y difusi\u00f3n de contenidos, sin contrataci\u00f3n de agencias externas Xalapa, Ver., 27 de noviembre de 2024.-&nbsp;La rendici\u00f3n de cuentas y el combate a la desinformaci\u00f3n mediante el di\u00e1logo circular desde el Poder Ejecutivo gener\u00f3 cercan\u00eda in\u00e9dita con la poblaci\u00f3n; tras seis a\u00f1os de comunicar mejor y a todos los sectores, el pueblo&#8230;<\/p>\n","protected":false},"author":2,"featured_media":3558,"comment_status":"closed","ping_status":"","sticky":false,"template":"","format":"standard","meta":{"_jetpack_memberships_contains_paid_content":false,"footnotes":"","jetpack_publicize_message":"","jetpack_publicize_feature_enabled":true,"jetpack_social_post_already_shared":true,"jetpack_social_options":{"image_generator_settings":{"template":"highway","default_image_id":0,"font":"","enabled":false},"version":2}},"categories":[3],"tags":[],"class_list":["post-3557","post","type-post","status-publish","format-standard","has-post-thumbnail","hentry","category-politica"],"jetpack_publicize_connections":[],"jetpack_featured_media_url":"https:\/\/veracruzanosexcepcionahles.com\/wp-content\/uploads\/2024\/11\/COMPARECENCIA-CGCS-12-scaled.jpeg","jetpack_sharing_enabled":true,"jetpack_likes_enabled":true,"jetpack_shortlink":"https:\/\/wp.me\/pe8dhK-Vn","_links":{"self":[{"href":"https:\/\/veracruzanosexcepcionahles.com\/index.php\/wp-json\/wp\/v2\/posts\/3557","targetHints":{"allow":["GET"]}}],"collection":[{"href":"https:\/\/veracruzanosexcepcionahles.com\/index.php\/wp-json\/wp\/v2\/posts"}],"about":[{"href":"https:\/\/veracruzanosexcepcionahles.com\/index.php\/wp-json\/wp\/v2\/types\/post"}],"author":[{"embeddable":true,"href":"https:\/\/veracruzanosexcepcionahles.com\/index.php\/wp-json\/wp\/v2\/users\/2"}],"replies":[{"embeddable":true,"href":"https:\/\/veracruzanosexcepcionahles.com\/index.php\/wp-json\/wp\/v2\/comments?post=3557"}],"version-history":[{"count":1,"href":"https:\/\/veracruzanosexcepcionahles.com\/index.php\/wp-json\/wp\/v2\/posts\/3557\/revisions"}],"predecessor-version":[{"id":3559,"href":"https:\/\/veracruzanosexcepcionahles.com\/index.php\/wp-json\/wp\/v2\/posts\/3557\/revisions\/3559"}],"wp:featuredmedia":[{"embeddable":true,"href":"https:\/\/veracruzanosexcepcionahles.com\/index.php\/wp-json\/wp\/v2\/media\/3558"}],"wp:attachment":[{"href":"https:\/\/veracruzanosexcepcionahles.com\/index.php\/wp-json\/wp\/v2\/media?parent=3557"}],"wp:term":[{"taxonomy":"category","embeddable":true,"href":"https:\/\/veracruzanosexcepcionahles.com\/index.php\/wp-json\/wp\/v2\/categories?post=3557"},{"taxonomy":"post_tag","embeddable":true,"href":"https:\/\/veracruzanosexcepcionahles.com\/index.php\/wp-json\/wp\/v2\/tags?post=3557"}],"curies":[{"name":"wp","href":"https:\/\/api.w.org\/{rel}","templated":true}]}}