{"id":3520,"date":"2024-11-20T12:34:13","date_gmt":"2024-11-20T18:34:13","guid":{"rendered":"https:\/\/veracruzanosexcepcionahles.com\/?p=3520"},"modified":"2024-11-20T12:34:13","modified_gmt":"2024-11-20T18:34:13","slug":"conmemora-veracruz-el-espiritu-transformador-de-la-revolucion-mexicana","status":"publish","type":"post","link":"https:\/\/veracruzanosexcepcionahles.com\/index.php\/2024\/11\/20\/conmemora-veracruz-el-espiritu-transformador-de-la-revolucion-mexicana\/","title":{"rendered":"Conmemora Veracruz el esp\u00edritu transformador de la Revoluci\u00f3n Mexicana"},"content":{"rendered":"\n<p><\/p>\n\n\n\n<p><em>*Preside Gobernador desfile c\u00edvico-militar; contingente supera las mil 500 personas<\/em><\/p>\n\n\n\n<p><strong>Xalapa, Ver., 20 de noviembre de 2024.-<\/strong>&nbsp;Con el esp\u00edritu de justicia y transformaci\u00f3n que caracteriz\u00f3 al movimiento revolucionario, la ciudad capital se visti\u00f3 de fiesta para conmemorar el 114 aniversario del inicio de la Revoluci\u00f3n Mexicana en un solemne desfile c\u00edvico-militar, presidido por el gobernador Cuitl\u00e1huac Garc\u00eda Jim\u00e9nez.<\/p>\n\n\n\n<p>La celebraci\u00f3n inici\u00f3 en punto de las 10 de la ma\u00f1ana en la calle Francisco Javier Clavijero, donde elementos de Tr\u00e1nsito del Estado abrieron paso a los contingentes, en una jornada que record\u00f3 los ideales de igualdad, libertad y justicia social que impulsaron aquel momento hist\u00f3rico.<\/p>\n\n\n\n<p>El evento reuni\u00f3 a mil 567 participantes de distintas instituciones y sectores de la sociedad; entre ellos, elementos de la Secretar\u00eda de la Defensa Nacional y Guardia Nacional, la Secretar\u00eda de Seguridad P\u00fablica y estudiantes de nivel medio superior y superior, acompa\u00f1ados por la banda de m\u00fasica Panteras, cuyo ritmo llen\u00f3 de energ\u00eda las principales calles de Xalapa.<\/p>\n\n\n\n<p>Tambi\u00e9n integrantes de la Subsecretar\u00eda de Desarrollo Educativo, Asociaci\u00f3n Veracruzana de Atletismo de Veteranos, el Pentathl\u00f3n Militarizado en sus diferentes ramas, la Comisi\u00f3n de Box y Lucha de Emiliano Zapata, el Instituto de la Polic\u00eda Auxiliar y Protecci\u00f3n Patrimonial y el Heroico Cuerpo de Bomberos en 62 veh\u00edculos, 25 motocicletas, 20 caballos y 15 caninos que completaron el despliegue.<\/p>\n\n\n\n<p>Cientos de personas se congregaron desde temprano a disfrutar del desfile y rendir homenaje a este importante cap\u00edtulo de la historia nacional; la conmemoraci\u00f3n se desarroll\u00f3 en un ambiente de respeto y solemnidad que dio como resultado saldo blanco y cero contratiempos.<\/p>\n\n\n\n<p>La presencia del Gobernador reafirm\u00f3 los ideales revolucionarios que a\u00fan inspiran la transformaci\u00f3n de M\u00e9xico y Veracruz, reafirmando su compromiso con los principios de justicia social, equidad y el bienestar de la ciudadan\u00eda.<\/p>\n\n\n\n<p>Lo acompa\u00f1aron en el pres\u00eddium la presidenta del Congreso del Estado, Tanya Carola Viveros Ch\u00e1zaro; la fiscal general Ver\u00f3nica Hern\u00e1ndez Giad\u00e1ns; los comandantes de la 26\/a Zona Militar, Armando L\u00f3pez Esquivel, y de la Tercera Regi\u00f3n Naval, Ra\u00fal P\u00e9rez V\u00e1squez.<\/p>\n","protected":false},"excerpt":{"rendered":"<p>*Preside Gobernador desfile c\u00edvico-militar; contingente supera las mil 500 personas Xalapa, Ver., 20 de noviembre de 2024.-&nbsp;Con el esp\u00edritu de justicia y transformaci\u00f3n que caracteriz\u00f3 al movimiento revolucionario, la ciudad capital se visti\u00f3 de fiesta para conmemorar el 114 aniversario del inicio de la Revoluci\u00f3n Mexicana en un solemne desfile c\u00edvico-militar, presidido por el gobernador&#8230;<\/p>\n","protected":false},"author":2,"featured_media":3521,"comment_status":"closed","ping_status":"","sticky":false,"template":"","format":"standard","meta":{"_jetpack_memberships_contains_paid_content":false,"footnotes":"","jetpack_publicize_message":"","jetpack_publicize_feature_enabled":true,"jetpack_social_post_already_shared":true,"jetpack_social_options":{"image_generator_settings":{"template":"highway","default_image_id":0,"font":"","enabled":false},"version":2}},"categories":[2],"tags":[],"class_list":["post-3520","post","type-post","status-publish","format-standard","has-post-thumbnail","hentry","category-gobiernoestatal"],"jetpack_publicize_connections":[],"jetpack_featured_media_url":"https:\/\/veracruzanosexcepcionahles.com\/wp-content\/uploads\/2024\/11\/DESFILE-REVOLUCION-MEXICANA-4-scaled.jpeg","jetpack_sharing_enabled":true,"jetpack_likes_enabled":true,"jetpack_shortlink":"https:\/\/wp.me\/pe8dhK-UM","_links":{"self":[{"href":"https:\/\/veracruzanosexcepcionahles.com\/index.php\/wp-json\/wp\/v2\/posts\/3520","targetHints":{"allow":["GET"]}}],"collection":[{"href":"https:\/\/veracruzanosexcepcionahles.com\/index.php\/wp-json\/wp\/v2\/posts"}],"about":[{"href":"https:\/\/veracruzanosexcepcionahles.com\/index.php\/wp-json\/wp\/v2\/types\/post"}],"author":[{"embeddable":true,"href":"https:\/\/veracruzanosexcepcionahles.com\/index.php\/wp-json\/wp\/v2\/users\/2"}],"replies":[{"embeddable":true,"href":"https:\/\/veracruzanosexcepcionahles.com\/index.php\/wp-json\/wp\/v2\/comments?post=3520"}],"version-history":[{"count":1,"href":"https:\/\/veracruzanosexcepcionahles.com\/index.php\/wp-json\/wp\/v2\/posts\/3520\/revisions"}],"predecessor-version":[{"id":3523,"href":"https:\/\/veracruzanosexcepcionahles.com\/index.php\/wp-json\/wp\/v2\/posts\/3520\/revisions\/3523"}],"wp:featuredmedia":[{"embeddable":true,"href":"https:\/\/veracruzanosexcepcionahles.com\/index.php\/wp-json\/wp\/v2\/media\/3521"}],"wp:attachment":[{"href":"https:\/\/veracruzanosexcepcionahles.com\/index.php\/wp-json\/wp\/v2\/media?parent=3520"}],"wp:term":[{"taxonomy":"category","embeddable":true,"href":"https:\/\/veracruzanosexcepcionahles.com\/index.php\/wp-json\/wp\/v2\/categories?post=3520"},{"taxonomy":"post_tag","embeddable":true,"href":"https:\/\/veracruzanosexcepcionahles.com\/index.php\/wp-json\/wp\/v2\/tags?post=3520"}],"curies":[{"name":"wp","href":"https:\/\/api.w.org\/{rel}","templated":true}]}}