{"id":3517,"date":"2024-11-19T16:53:48","date_gmt":"2024-11-19T22:53:48","guid":{"rendered":"https:\/\/veracruzanosexcepcionahles.com\/?p=3517"},"modified":"2024-11-19T16:53:48","modified_gmt":"2024-11-19T22:53:48","slug":"gobiernos-estatal-y-municipal-inauguran-obras-en-barranca-honda-con-valor-de-9-9-mdp","status":"publish","type":"post","link":"https:\/\/veracruzanosexcepcionahles.com\/index.php\/2024\/11\/19\/gobiernos-estatal-y-municipal-inauguran-obras-en-barranca-honda-con-valor-de-9-9-mdp\/","title":{"rendered":"Gobiernos estatal y municipal inauguran obras en Barranca Honda con valor de 9.9 mdp"},"content":{"rendered":"\n<p><\/p>\n\n\n\n<p><em>*SEDEMA y SIOP colaboraron como medida de compensaci\u00f3n ambiental<\/em><\/p>\n\n\n\n<p><strong>Xalapa, Ver., 19 de noviembre de 2024.<\/strong>&#8211; El gobernador Cuitl\u00e1huac Garc\u00eda Jim\u00e9nez inaugur\u00f3 las mejoras realizadas en el Parque Barranca Honda que incluyen un cercado perimetral, una vitapista, juegos infantiles, canchas, \u00e1reas recreativas, bancas y se\u00f1al\u00e9tica.<\/p>\n\n\n\n<p>Estas obras fueron ejecutadas por la Secretar\u00eda de Infraestructura y Obras P\u00fablicas (SIOP) con una inversi\u00f3n de 9.9 millones de pesos, como parte de una medida de compensaci\u00f3n ambiental por el retiro de \u00e1rboles durante la construcci\u00f3n del paso superior vehicular Heberto Castillo.<\/p>\n\n\n\n<p>Durante el recorrido por las instalaciones, el mandatario estatal estuvo acompa\u00f1ado por el alcalde Ricardo Ahued Bardahuil, quien destac\u00f3 el compromiso del Ayuntamiento de Xalapa por conservar el medio ambiente y desarrollar espacios p\u00fablicos de calidad.<\/p>\n\n\n\n<p>En el marco de esta iniciativa, y con recursos del programa&nbsp;<em>Proyectos para el Fomento Ambiental 2023<\/em>&nbsp;de la Secretar\u00eda de Medio Ambiente (SEDEMA), el Ayuntamiento tambi\u00e9n rehabilit\u00f3 un aula agroecol\u00f3gica dentro del parque.<\/p>\n\n\n\n<p>Adem\u00e1s, este espacio tiene un huerto, paneles fotovoltaicos, ba\u00f1os secos, lombricomposta y otras ecotecnias y su finalidad es ofrecer talleres y pl\u00e1ticas que fomenten la conciencia ambiental entre la ciudadan\u00eda.<\/p>\n\n\n\n<p>En abril de 2023, el municipio adquiri\u00f3 el predio ubicado en el Archipi\u00e9lago de Bosques y Selvas de la Regi\u00f3n Capital. Este terreno, de casi 60 mil metros cuadrados, est\u00e1 destinado a la restauraci\u00f3n del bosque mes\u00f3filo de monta\u00f1a mediante la plantaci\u00f3n de mil 662 ejemplares, adem\u00e1s de ser un nuevo espacio para la recreaci\u00f3n y el cuidado ambiental.<\/p>\n\n\n\n<p>En la ceremonia protocolaria estuvieron presentes Elio Hern\u00e1ndez Guti\u00e9rrez y Juan Carlos Contreras Bautista, titulares de la SIOP y la SEDEMA, respectivamente, quienes participaron en la realizaci\u00f3n de este proyecto integral.<\/p>\n","protected":false},"excerpt":{"rendered":"<p>*SEDEMA y SIOP colaboraron como medida de compensaci\u00f3n ambiental Xalapa, Ver., 19 de noviembre de 2024.&#8211; El gobernador Cuitl\u00e1huac Garc\u00eda Jim\u00e9nez inaugur\u00f3 las mejoras realizadas en el Parque Barranca Honda que incluyen un cercado perimetral, una vitapista, juegos infantiles, canchas, \u00e1reas recreativas, bancas y se\u00f1al\u00e9tica. Estas obras fueron ejecutadas por la Secretar\u00eda de Infraestructura y&#8230;<\/p>\n","protected":false},"author":2,"featured_media":3518,"comment_status":"closed","ping_status":"","sticky":false,"template":"","format":"standard","meta":{"_jetpack_memberships_contains_paid_content":false,"footnotes":"","jetpack_publicize_message":"","jetpack_publicize_feature_enabled":true,"jetpack_social_post_already_shared":true,"jetpack_social_options":{"image_generator_settings":{"template":"highway","default_image_id":0,"font":"","enabled":false},"version":2}},"categories":[2],"tags":[],"class_list":["post-3517","post","type-post","status-publish","format-standard","has-post-thumbnail","hentry","category-gobiernoestatal"],"jetpack_publicize_connections":[],"jetpack_featured_media_url":"https:\/\/veracruzanosexcepcionahles.com\/wp-content\/uploads\/2024\/11\/PARQUE-BARRANCA-HONDA-1-scaled.jpeg","jetpack_sharing_enabled":true,"jetpack_likes_enabled":true,"jetpack_shortlink":"https:\/\/wp.me\/pe8dhK-UJ","_links":{"self":[{"href":"https:\/\/veracruzanosexcepcionahles.com\/index.php\/wp-json\/wp\/v2\/posts\/3517","targetHints":{"allow":["GET"]}}],"collection":[{"href":"https:\/\/veracruzanosexcepcionahles.com\/index.php\/wp-json\/wp\/v2\/posts"}],"about":[{"href":"https:\/\/veracruzanosexcepcionahles.com\/index.php\/wp-json\/wp\/v2\/types\/post"}],"author":[{"embeddable":true,"href":"https:\/\/veracruzanosexcepcionahles.com\/index.php\/wp-json\/wp\/v2\/users\/2"}],"replies":[{"embeddable":true,"href":"https:\/\/veracruzanosexcepcionahles.com\/index.php\/wp-json\/wp\/v2\/comments?post=3517"}],"version-history":[{"count":1,"href":"https:\/\/veracruzanosexcepcionahles.com\/index.php\/wp-json\/wp\/v2\/posts\/3517\/revisions"}],"predecessor-version":[{"id":3519,"href":"https:\/\/veracruzanosexcepcionahles.com\/index.php\/wp-json\/wp\/v2\/posts\/3517\/revisions\/3519"}],"wp:featuredmedia":[{"embeddable":true,"href":"https:\/\/veracruzanosexcepcionahles.com\/index.php\/wp-json\/wp\/v2\/media\/3518"}],"wp:attachment":[{"href":"https:\/\/veracruzanosexcepcionahles.com\/index.php\/wp-json\/wp\/v2\/media?parent=3517"}],"wp:term":[{"taxonomy":"category","embeddable":true,"href":"https:\/\/veracruzanosexcepcionahles.com\/index.php\/wp-json\/wp\/v2\/categories?post=3517"},{"taxonomy":"post_tag","embeddable":true,"href":"https:\/\/veracruzanosexcepcionahles.com\/index.php\/wp-json\/wp\/v2\/tags?post=3517"}],"curies":[{"name":"wp","href":"https:\/\/api.w.org\/{rel}","templated":true}]}}