{"id":3514,"date":"2024-11-19T12:42:25","date_gmt":"2024-11-19T18:42:25","guid":{"rendered":"https:\/\/veracruzanosexcepcionahles.com\/?p=3514"},"modified":"2024-11-19T12:42:25","modified_gmt":"2024-11-19T18:42:25","slug":"inaugura-gobernador-areas-renovadas-de-patologia-e-imagenologia-en-cae-xalapa","status":"publish","type":"post","link":"https:\/\/veracruzanosexcepcionahles.com\/index.php\/2024\/11\/19\/inaugura-gobernador-areas-renovadas-de-patologia-e-imagenologia-en-cae-xalapa\/","title":{"rendered":"Inaugura Gobernador \u00e1reas renovadas de Patolog\u00eda e Imagenolog\u00eda en CAE Xalapa"},"content":{"rendered":"\n<p><\/p>\n\n\n\n<p>*Adquiere SESVER resonador, tom\u00f3grafo y videomicroscopio para diagn\u00f3sticos de alta precisi\u00f3n<\/p>\n\n\n\n<p>Xalapa, Ver., 18 de noviembre de 2024.- El gobernador Cuitl\u00e1huac Garc\u00eda Jim\u00e9nez reafirma el compromiso con la salud de las y los veracruzanos mediante acciones integrales de infraestructura y equipamiento de alta tecnolog\u00eda, por ello entreg\u00f3 la modernizaci\u00f3n de importantes \u00e1reas del Centro de Alta Especialidad (CAE) Dr. Rafael Lucio, en la capital del estado.<\/p>\n\n\n\n<p>Con la ampliaci\u00f3n y modernizaci\u00f3n del servicio de Patolog\u00eda, que procesa hasta 5 mil casos anuales, ahora es posible realizar dos estudios simult\u00e1neamente, lo que agiliza el diagn\u00f3stico y tratamiento de enfermedades a partir del an\u00e1lisis de tejidos, c\u00e9lulas y fluidos para identificar tumores, infecciones y otras afecciones.<\/p>\n\n\n\n<p>Acompa\u00f1ado por la secretaria y directora de Servicios de Salud de Veracruz (SESVER), Guadalupe D\u00edaz del Castillo Flores, el mandatario supervis\u00f3 las instalaciones donde realizan biopsias y ex\u00e1menes de \u00f3rganos asegurando diagn\u00f3sticos confiables, principalmente en padecimientos oncol\u00f3gicos e infecciosos que determinan la necesidad de atenci\u00f3n complementaria.<\/p>\n\n\n\n<p>Adem\u00e1s, en este espacio tienen lugar las necropsias que proporcionan respuestas certeras tanto a las familias como en t\u00e9rminos legales, teniendo ahora una sala acondicionada para deudos y zona de conservaci\u00f3n de cuerpos, lo que ofrece un ambiente humanizado en momentos dif\u00edciles.<\/p>\n\n\n\n<p>Esta renovaci\u00f3n optimiz\u00f3 las \u00e1reas de citolog\u00eda, histopatolog\u00eda y macroscop\u00eda tras la incorporaci\u00f3n de un videomicroscopio que facilita el diagn\u00f3stico de casos cl\u00ednicos complejos y coadyuva en la formaci\u00f3n de residentes, m\u00e9dicos y qu\u00edmicos.<\/p>\n\n\n\n<p>En Imagenolog\u00eda, recientemente fueron entregados un resonador y un tom\u00f3grafo de 128 l\u00edneas de detectores, ambos de \u00faltima generaci\u00f3n, donados por la Administraci\u00f3n del Patrimonio de la Beneficencia P\u00fablica Federal. Estos dispositivos permiten mejorar la pr\u00e1ctica de estudios precisos y procedimientos especiales.<\/p>\n\n\n\n<p>Las mejoras se suman a la rehabilitaci\u00f3n del \u00e1rea de Urgencias, terminada en julio pasado, que incluy\u00f3 una nueva planta de emergencia, caldera, tanque de agua caliente y unidades manejadoras de aire acondicionado. De 2019 a la fecha, el monto aplicado en el CAE ha superado los 89 millones de pesos en infraestructura y 16 millones en equipamiento.<\/p>\n","protected":false},"excerpt":{"rendered":"<p>*Adquiere SESVER resonador, tom\u00f3grafo y videomicroscopio para diagn\u00f3sticos de alta precisi\u00f3n Xalapa, Ver., 18 de noviembre de 2024.- El gobernador Cuitl\u00e1huac Garc\u00eda Jim\u00e9nez reafirma el compromiso con la salud de las y los veracruzanos mediante acciones integrales de infraestructura y equipamiento de alta tecnolog\u00eda, por ello entreg\u00f3 la modernizaci\u00f3n de importantes \u00e1reas del Centro de&#8230;<\/p>\n","protected":false},"author":2,"featured_media":3515,"comment_status":"closed","ping_status":"","sticky":false,"template":"","format":"standard","meta":{"_jetpack_memberships_contains_paid_content":false,"footnotes":"","jetpack_publicize_message":"","jetpack_publicize_feature_enabled":true,"jetpack_social_post_already_shared":true,"jetpack_social_options":{"image_generator_settings":{"template":"highway","default_image_id":0,"font":"","enabled":false},"version":2}},"categories":[2],"tags":[],"class_list":["post-3514","post","type-post","status-publish","format-standard","has-post-thumbnail","hentry","category-gobiernoestatal"],"jetpack_publicize_connections":[],"jetpack_featured_media_url":"https:\/\/veracruzanosexcepcionahles.com\/wp-content\/uploads\/2024\/11\/COMPARECENCIA-SEFIPLAN-2-scaled.jpeg","jetpack_sharing_enabled":true,"jetpack_likes_enabled":true,"jetpack_shortlink":"https:\/\/wp.me\/pe8dhK-UG","_links":{"self":[{"href":"https:\/\/veracruzanosexcepcionahles.com\/index.php\/wp-json\/wp\/v2\/posts\/3514","targetHints":{"allow":["GET"]}}],"collection":[{"href":"https:\/\/veracruzanosexcepcionahles.com\/index.php\/wp-json\/wp\/v2\/posts"}],"about":[{"href":"https:\/\/veracruzanosexcepcionahles.com\/index.php\/wp-json\/wp\/v2\/types\/post"}],"author":[{"embeddable":true,"href":"https:\/\/veracruzanosexcepcionahles.com\/index.php\/wp-json\/wp\/v2\/users\/2"}],"replies":[{"embeddable":true,"href":"https:\/\/veracruzanosexcepcionahles.com\/index.php\/wp-json\/wp\/v2\/comments?post=3514"}],"version-history":[{"count":1,"href":"https:\/\/veracruzanosexcepcionahles.com\/index.php\/wp-json\/wp\/v2\/posts\/3514\/revisions"}],"predecessor-version":[{"id":3516,"href":"https:\/\/veracruzanosexcepcionahles.com\/index.php\/wp-json\/wp\/v2\/posts\/3514\/revisions\/3516"}],"wp:featuredmedia":[{"embeddable":true,"href":"https:\/\/veracruzanosexcepcionahles.com\/index.php\/wp-json\/wp\/v2\/media\/3515"}],"wp:attachment":[{"href":"https:\/\/veracruzanosexcepcionahles.com\/index.php\/wp-json\/wp\/v2\/media?parent=3514"}],"wp:term":[{"taxonomy":"category","embeddable":true,"href":"https:\/\/veracruzanosexcepcionahles.com\/index.php\/wp-json\/wp\/v2\/categories?post=3514"},{"taxonomy":"post_tag","embeddable":true,"href":"https:\/\/veracruzanosexcepcionahles.com\/index.php\/wp-json\/wp\/v2\/tags?post=3514"}],"curies":[{"name":"wp","href":"https:\/\/api.w.org\/{rel}","templated":true}]}}