{"id":3506,"date":"2024-11-18T12:06:20","date_gmt":"2024-11-18T18:06:20","guid":{"rendered":"https:\/\/veracruzanosexcepcionahles.com\/?p=3506"},"modified":"2024-11-18T12:06:20","modified_gmt":"2024-11-18T18:06:20","slug":"veracruz-tendra-nivel-politico-afirma-rocio-nahle","status":"publish","type":"post","link":"https:\/\/veracruzanosexcepcionahles.com\/index.php\/2024\/11\/18\/veracruz-tendra-nivel-politico-afirma-rocio-nahle\/","title":{"rendered":"VERACRUZ TENDR\u00c1 NIVEL POL\u00cdTICO AFIRMA ROC\u00cdO NAHLE"},"content":{"rendered":"\n<p><\/p>\n\n\n\n<blockquote class=\"wp-block-quote is-layout-flow wp-block-quote-is-layout-flow\">\n<p>*El 1 de diciembre iniciar\u00e1 una nueva etapa, de di\u00e1logo, respeto, un gobierno plural.<\/p>\n\n\n\n<p><br>*En esa fecha, informar\u00e1 sobre las obras y acciones de sus primeros tres meses de gobierno.<\/p>\n<\/blockquote>\n\n\n\n<p>Boca del R\u00edo, Ver., lunes 18 de noviembre de 2024.- Todo est\u00e1 listo para asumir la gubernatura de Veracruz el pr\u00f3ximo 1 de diciembre en sesi\u00f3n solemne ante la LXVII Legislatura Local, asegur\u00f3 la gobernadora electa, Roc\u00edo Nahle Garc\u00eda.<\/p>\n\n\n\n<p>Destac\u00f3 que la ceremonia ser\u00e1 en punto de las 11:00 a.m., en tanto que en Plaza Lerdo, dar\u00e1 un mensaje posterior a los veracruzanos y veracruzanas alrededor de las 13:00 horas.<\/p>\n\n\n\n<p>Ah\u00ed, dijo, va a informar sobre las obras y acciones que pondr\u00e1 en marcha los primeros 100 d\u00edas de su gesti\u00f3n en materia de salud, educaci\u00f3n, econom\u00eda, campo, ganader\u00eda y pesca \u201ccada sector en los ejes que propuse en mi campa\u00f1a\u201d, enfatiz\u00f3.<\/p>\n\n\n\n<p>Ese mismo d\u00eda, precis\u00f3, har\u00e1 la toma de protesta a los integrantes del gabinete legal que la acompa\u00f1ar\u00e1 en su administraci\u00f3n.<\/p>\n\n\n\n<p>\u201cEl primero de diciembre estaremos protestando ante los veracruzanos y veracruzanas, el hacer cumplir la ley y el servicio en los pr\u00f3ximos seis a\u00f1os, va a ser un evento en la C\u00e1mara de Diputados del Congreso Local as\u00ed lo mandata la ley y se va a hacer como se tiene que hacer, una sesi\u00f3n solemne con la importancia que se debe de tomar, con la seriedad, pero tambi\u00e9n darle a Veracruz el nivel pol\u00edtico\u201d, subray\u00f3.<\/p>\n\n\n\n<p>Veracruz es la tercera entidad federativa con mayor poblaci\u00f3n en M\u00e9xico, de los m\u00e1s importantes \u201cy as\u00ed hay que tomarlo, as\u00ed hay que hacerlo y hay que cre\u00e9rnosla, Veracruz es muy importante y por eso vamos a tener una sesi\u00f3n solemne digna de todos los veracruzanas y veracruzanos\u201d, abund\u00f3 en entrevista en Quatromedia Comunicaciones Xalapa.<\/p>\n\n\n\n<p>Recalc\u00f3 que el aforo ser\u00e1 organizado y limitado en el Congreso Local dado que \u00fanicamente hay espacio para alrededor de 300 personas, en tanto, el mitin ser\u00e1 abierto para todo el pueblo veracruzano.<\/p>\n\n\n\n<p>\u201cVa a ser una sesi\u00f3n solemne, el Congreso tiene un aforo nada m\u00e1s para 300 personas, posterior a eso estaremos en la Plaza Lerdo, con los veracruzanos y veracruzanas que nos quieran acompa\u00f1ar, en eso estamos trabajando y eso es lo m\u00e1s importante\u201d, destac\u00f3.<\/p>\n\n\n\n<p>Reiter\u00f3 que la entrega- recepci\u00f3n avanza de manera formal y puntual \u201cse ha ido recibiendo y revisando concluyendo esta cuarta etapa el 30 de noviembre\u201d, precis\u00f3.<\/p>\n\n\n\n<p>El 1 de diciembre iniciar\u00e1 una nueva etapa donde prevalecer\u00e1 el di\u00e1logo, con unidad, con respeto, con cada decisi\u00f3n pensada, y con trabajo \u201cesos han sido los ejes de trabajo en los que le he desarrollado toda mi vida\u201d, explic\u00f3<\/p>\n\n\n\n<p>Roc\u00edo Nahle agreg\u00f3 que emana de un movimiento transformador, de Morena \u201cpero a partir del 1 de diciembre tengo que ser plural y respetuosa\u201d, reiter\u00f3.<\/p>\n","protected":false},"excerpt":{"rendered":"<p>*El 1 de diciembre iniciar\u00e1 una nueva etapa, de di\u00e1logo, respeto, un gobierno plural. *En esa fecha, informar\u00e1 sobre las obras y acciones de sus primeros tres meses de gobierno. Boca del R\u00edo, Ver., lunes 18 de noviembre de 2024.- Todo est\u00e1 listo para asumir la gubernatura de Veracruz el pr\u00f3ximo 1 de diciembre en&#8230;<\/p>\n","protected":false},"author":2,"featured_media":3507,"comment_status":"closed","ping_status":"","sticky":false,"template":"","format":"standard","meta":{"_jetpack_memberships_contains_paid_content":false,"footnotes":"","jetpack_publicize_message":"","jetpack_publicize_feature_enabled":true,"jetpack_social_post_already_shared":true,"jetpack_social_options":{"image_generator_settings":{"template":"highway","default_image_id":0,"font":"","enabled":false},"version":2}},"categories":[23],"tags":[],"class_list":["post-3506","post","type-post","status-publish","format-standard","has-post-thumbnail","hentry","category-actividadesnahle"],"jetpack_publicize_connections":[],"jetpack_featured_media_url":"https:\/\/veracruzanosexcepcionahles.com\/wp-content\/uploads\/2024\/11\/IMG-20241118-WA0007.jpg","jetpack_sharing_enabled":true,"jetpack_likes_enabled":true,"jetpack_shortlink":"https:\/\/wp.me\/pe8dhK-Uy","_links":{"self":[{"href":"https:\/\/veracruzanosexcepcionahles.com\/index.php\/wp-json\/wp\/v2\/posts\/3506","targetHints":{"allow":["GET"]}}],"collection":[{"href":"https:\/\/veracruzanosexcepcionahles.com\/index.php\/wp-json\/wp\/v2\/posts"}],"about":[{"href":"https:\/\/veracruzanosexcepcionahles.com\/index.php\/wp-json\/wp\/v2\/types\/post"}],"author":[{"embeddable":true,"href":"https:\/\/veracruzanosexcepcionahles.com\/index.php\/wp-json\/wp\/v2\/users\/2"}],"replies":[{"embeddable":true,"href":"https:\/\/veracruzanosexcepcionahles.com\/index.php\/wp-json\/wp\/v2\/comments?post=3506"}],"version-history":[{"count":1,"href":"https:\/\/veracruzanosexcepcionahles.com\/index.php\/wp-json\/wp\/v2\/posts\/3506\/revisions"}],"predecessor-version":[{"id":3508,"href":"https:\/\/veracruzanosexcepcionahles.com\/index.php\/wp-json\/wp\/v2\/posts\/3506\/revisions\/3508"}],"wp:featuredmedia":[{"embeddable":true,"href":"https:\/\/veracruzanosexcepcionahles.com\/index.php\/wp-json\/wp\/v2\/media\/3507"}],"wp:attachment":[{"href":"https:\/\/veracruzanosexcepcionahles.com\/index.php\/wp-json\/wp\/v2\/media?parent=3506"}],"wp:term":[{"taxonomy":"category","embeddable":true,"href":"https:\/\/veracruzanosexcepcionahles.com\/index.php\/wp-json\/wp\/v2\/categories?post=3506"},{"taxonomy":"post_tag","embeddable":true,"href":"https:\/\/veracruzanosexcepcionahles.com\/index.php\/wp-json\/wp\/v2\/tags?post=3506"}],"curies":[{"name":"wp","href":"https:\/\/api.w.org\/{rel}","templated":true}]}}