{"id":3488,"date":"2024-11-15T23:26:55","date_gmt":"2024-11-16T05:26:55","guid":{"rendered":"https:\/\/veracruzanosexcepcionahles.com\/?p=3488"},"modified":"2024-11-15T23:26:55","modified_gmt":"2024-11-16T05:26:55","slug":"acompana-rocio-nahle-a-claudia-sheinbaum-a-gira-presidencial-en-veracruz","status":"publish","type":"post","link":"https:\/\/veracruzanosexcepcionahles.com\/index.php\/2024\/11\/15\/acompana-rocio-nahle-a-claudia-sheinbaum-a-gira-presidencial-en-veracruz\/","title":{"rendered":"ACOMPA\u00d1A ROC\u00cdO NAHLE A CLAUDIA SHEINBAUM A GIRA PRESIDENCIAL EN VERACRUZ"},"content":{"rendered":"\n<p><\/p>\n\n\n\n<blockquote class=\"wp-block-quote is-layout-flow wp-block-quote-is-layout-flow\">\n<p>Reconoci\u00f3 gesti\u00f3n del gobernador Cuitl\u00e1huac Garcia Jim\u00e9nez y del gobierno del expresidente Andr\u00e9s Manuel L\u00f3pez Obrador.<\/p>\n<\/blockquote>\n\n\n\n<p>Nautla, Ver., viernes 15 de noviembre de 2024.- La gobernadora electa de Veracruz, Roc\u00edo Nahle Garc\u00eda, acompa\u00f1\u00f3 a la presidenta de M\u00e9xico, Claudia Sheinbaum Pardo a la gira de Supervisi\u00f3n del Hospital de Nautla \u201cDr. Gerardo D\u00edaz Morales\u201d llevada a cabo en este municipio.<\/p>\n\n\n\n<p>Record\u00f3 que el arranque de esta obra se dio en la pasada administraci\u00f3n del expresidente Andr\u00e9s Manuel L\u00f3pez Obrador y con la gesti\u00f3n de la que est\u00e1 por concluir en Veracruz de Cuitl\u00e1huac Garc\u00eda Jim\u00e9nez.<\/p>\n\n\n\n<p>\u201cLa presidenta hoy est\u00e1 en Nautla y estamos en esta continuidad, el presidente Andr\u00e9s Manuel L\u00f3pez Obrador, el gobernador Cuitl\u00e1huac Garc\u00eda iniciaron con esta obra tan importante para ustedes y todas las dem\u00e1s comunidades que est\u00e1n aqu\u00ed a la redonda para atenderlos en este cambio de pol\u00edtica social, es tambi\u00e9n la atenci\u00f3n a la salud\u201d, subray\u00f3.<\/p>\n","protected":false},"excerpt":{"rendered":"<p>Reconoci\u00f3 gesti\u00f3n del gobernador Cuitl\u00e1huac Garcia Jim\u00e9nez y del gobierno del expresidente Andr\u00e9s Manuel L\u00f3pez Obrador. Nautla, Ver., viernes 15 de noviembre de 2024.- La gobernadora electa de Veracruz, Roc\u00edo Nahle Garc\u00eda, acompa\u00f1\u00f3 a la presidenta de M\u00e9xico, Claudia Sheinbaum Pardo a la gira de Supervisi\u00f3n del Hospital de Nautla \u201cDr. Gerardo D\u00edaz Morales\u201d llevada&#8230;<\/p>\n","protected":false},"author":2,"featured_media":3489,"comment_status":"closed","ping_status":"","sticky":false,"template":"","format":"standard","meta":{"_jetpack_memberships_contains_paid_content":false,"footnotes":"","jetpack_publicize_message":"","jetpack_publicize_feature_enabled":true,"jetpack_social_post_already_shared":true,"jetpack_social_options":{"image_generator_settings":{"template":"highway","default_image_id":0,"font":"","enabled":false},"version":2}},"categories":[23],"tags":[],"class_list":["post-3488","post","type-post","status-publish","format-standard","has-post-thumbnail","hentry","category-actividadesnahle"],"jetpack_publicize_connections":[],"jetpack_featured_media_url":"https:\/\/veracruzanosexcepcionahles.com\/wp-content\/uploads\/2024\/11\/WhatsApp-Image-2024-11-15-at-6.26.58-PM.jpeg","jetpack_sharing_enabled":true,"jetpack_likes_enabled":true,"jetpack_shortlink":"https:\/\/wp.me\/pe8dhK-Ug","_links":{"self":[{"href":"https:\/\/veracruzanosexcepcionahles.com\/index.php\/wp-json\/wp\/v2\/posts\/3488","targetHints":{"allow":["GET"]}}],"collection":[{"href":"https:\/\/veracruzanosexcepcionahles.com\/index.php\/wp-json\/wp\/v2\/posts"}],"about":[{"href":"https:\/\/veracruzanosexcepcionahles.com\/index.php\/wp-json\/wp\/v2\/types\/post"}],"author":[{"embeddable":true,"href":"https:\/\/veracruzanosexcepcionahles.com\/index.php\/wp-json\/wp\/v2\/users\/2"}],"replies":[{"embeddable":true,"href":"https:\/\/veracruzanosexcepcionahles.com\/index.php\/wp-json\/wp\/v2\/comments?post=3488"}],"version-history":[{"count":1,"href":"https:\/\/veracruzanosexcepcionahles.com\/index.php\/wp-json\/wp\/v2\/posts\/3488\/revisions"}],"predecessor-version":[{"id":3490,"href":"https:\/\/veracruzanosexcepcionahles.com\/index.php\/wp-json\/wp\/v2\/posts\/3488\/revisions\/3490"}],"wp:featuredmedia":[{"embeddable":true,"href":"https:\/\/veracruzanosexcepcionahles.com\/index.php\/wp-json\/wp\/v2\/media\/3489"}],"wp:attachment":[{"href":"https:\/\/veracruzanosexcepcionahles.com\/index.php\/wp-json\/wp\/v2\/media?parent=3488"}],"wp:term":[{"taxonomy":"category","embeddable":true,"href":"https:\/\/veracruzanosexcepcionahles.com\/index.php\/wp-json\/wp\/v2\/categories?post=3488"},{"taxonomy":"post_tag","embeddable":true,"href":"https:\/\/veracruzanosexcepcionahles.com\/index.php\/wp-json\/wp\/v2\/tags?post=3488"}],"curies":[{"name":"wp","href":"https:\/\/api.w.org\/{rel}","templated":true}]}}