{"id":3472,"date":"2024-11-14T17:08:20","date_gmt":"2024-11-14T23:08:20","guid":{"rendered":"https:\/\/veracruzanosexcepcionahles.com\/?p=3472"},"modified":"2024-11-14T17:08:20","modified_gmt":"2024-11-14T23:08:20","slug":"presidira-la-dip-berta-ahued-malpica-la-comision-permanente-para-la-atencion-y-proteccion-de-periodistas-en-el-congreso-del-estado","status":"publish","type":"post","link":"https:\/\/veracruzanosexcepcionahles.com\/index.php\/2024\/11\/14\/presidira-la-dip-berta-ahued-malpica-la-comision-permanente-para-la-atencion-y-proteccion-de-periodistas-en-el-congreso-del-estado\/","title":{"rendered":"Presidir\u00e1 la Dip. Berta Ahued Malpica la Comisi\u00f3n Permanente para la Atenci\u00f3n y Protecci\u00f3n de Periodistas en el Congreso del Estado."},"content":{"rendered":"\n<p><\/p>\n\n\n\n<p>Una de las Diputadas m\u00e1s capacitada y con experiencia en los medios de informaci\u00f3n, es precisamente Bertha Ahued Malpica quien proviene de una empresa period\u00edstica con m\u00e1s antig\u00fcedad en Veracruz y &nbsp;eso la motiv\u00f3 a buscar presidir la Comisi\u00f3n Permanente de Atenci\u00f3n y Protecci\u00f3n a Periodistas en la LXVII Legislatura, este nombramiento es acertado, porque nadie como ella sabe los esfuerzos y sacrificios que cada reportero, fot\u00f3grafo, camar\u00f3grafo, columnista y en s\u00ed, todos los trabajadores de los medios de comunicaci\u00f3n, realizan para mantener informada a la sociedad.<\/p>\n\n\n\n<p>En ese sentido coment\u00f3:<\/p>\n\n\n\n<p>\u201cTengo el honor de asumir la Presidencia de la Comisi\u00f3n Permanente para la Atenci\u00f3n y Protecci\u00f3n de Periodistas, con gran entusiasmo y con el amor por el periodismo que corre por mis venas, dimos inicio a la instalaci\u00f3n de esta comisi\u00f3n, un proyecto que llevo en el coraz\u00f3n y que me comprometo a convertir en un espacio de apoyo y protecci\u00f3n para el gremio. Vengo de una familia con una s\u00f3lida tradici\u00f3n period\u00edstica, de generaciones que han dedicado sus vidas a informar y defender la verdad en Veracruz.<\/p>\n\n\n\n<p>Ahued Malpica inform\u00f3 que todos los periodistas veracruzanos, tendr\u00e1n la puerta de su oficina abierta para escucharlos y atenderlos, destacando:<\/p>\n\n\n\n<p>\u201cHoy, desde esta responsabilidad, mi mayor ilusi\u00f3n es enaltecer el periodismo veracruzano y lograr que juntos alcancemos un Premio Nacional de Periodismo. &nbsp;S\u00e9 que la voz de nuestros periodistas es crucial para la democracia, y por ello trabajar\u00e9 incansablemente de la mano de las autoridades, buscando garantizar su seguridad y libertad para informar\u201d.<\/p>\n\n\n\n<p>Se compone la Comisi\u00f3n con las Diputadas Daniela Flores Barnils (Secretaria) y Astrid S\u00e1nchez (Vocal).<\/p>\n","protected":false},"excerpt":{"rendered":"<p>Una de las Diputadas m\u00e1s capacitada y con experiencia en los medios de informaci\u00f3n, es precisamente Bertha Ahued Malpica quien proviene de una empresa period\u00edstica con m\u00e1s antig\u00fcedad en Veracruz y &nbsp;eso la motiv\u00f3 a buscar presidir la Comisi\u00f3n Permanente de Atenci\u00f3n y Protecci\u00f3n a Periodistas en la LXVII Legislatura, este nombramiento es acertado, porque&#8230;<\/p>\n","protected":false},"author":2,"featured_media":3473,"comment_status":"closed","ping_status":"","sticky":false,"template":"","format":"standard","meta":{"_jetpack_memberships_contains_paid_content":false,"footnotes":"","jetpack_publicize_message":"","jetpack_publicize_feature_enabled":true,"jetpack_social_post_already_shared":true,"jetpack_social_options":{"image_generator_settings":{"template":"highway","default_image_id":0,"font":"","enabled":false},"version":2}},"categories":[3],"tags":[],"class_list":["post-3472","post","type-post","status-publish","format-standard","has-post-thumbnail","hentry","category-politica"],"jetpack_publicize_connections":[],"jetpack_featured_media_url":"https:\/\/veracruzanosexcepcionahles.com\/wp-content\/uploads\/2024\/11\/466344234_1055382506383750_489065920322469707_n.jpg","jetpack_sharing_enabled":true,"jetpack_likes_enabled":true,"jetpack_shortlink":"https:\/\/wp.me\/pe8dhK-U0","_links":{"self":[{"href":"https:\/\/veracruzanosexcepcionahles.com\/index.php\/wp-json\/wp\/v2\/posts\/3472","targetHints":{"allow":["GET"]}}],"collection":[{"href":"https:\/\/veracruzanosexcepcionahles.com\/index.php\/wp-json\/wp\/v2\/posts"}],"about":[{"href":"https:\/\/veracruzanosexcepcionahles.com\/index.php\/wp-json\/wp\/v2\/types\/post"}],"author":[{"embeddable":true,"href":"https:\/\/veracruzanosexcepcionahles.com\/index.php\/wp-json\/wp\/v2\/users\/2"}],"replies":[{"embeddable":true,"href":"https:\/\/veracruzanosexcepcionahles.com\/index.php\/wp-json\/wp\/v2\/comments?post=3472"}],"version-history":[{"count":1,"href":"https:\/\/veracruzanosexcepcionahles.com\/index.php\/wp-json\/wp\/v2\/posts\/3472\/revisions"}],"predecessor-version":[{"id":3474,"href":"https:\/\/veracruzanosexcepcionahles.com\/index.php\/wp-json\/wp\/v2\/posts\/3472\/revisions\/3474"}],"wp:featuredmedia":[{"embeddable":true,"href":"https:\/\/veracruzanosexcepcionahles.com\/index.php\/wp-json\/wp\/v2\/media\/3473"}],"wp:attachment":[{"href":"https:\/\/veracruzanosexcepcionahles.com\/index.php\/wp-json\/wp\/v2\/media?parent=3472"}],"wp:term":[{"taxonomy":"category","embeddable":true,"href":"https:\/\/veracruzanosexcepcionahles.com\/index.php\/wp-json\/wp\/v2\/categories?post=3472"},{"taxonomy":"post_tag","embeddable":true,"href":"https:\/\/veracruzanosexcepcionahles.com\/index.php\/wp-json\/wp\/v2\/tags?post=3472"}],"curies":[{"name":"wp","href":"https:\/\/api.w.org\/{rel}","templated":true}]}}