{"id":3469,"date":"2024-11-14T16:51:19","date_gmt":"2024-11-14T22:51:19","guid":{"rendered":"https:\/\/veracruzanosexcepcionahles.com\/?p=3469"},"modified":"2024-11-14T16:51:19","modified_gmt":"2024-11-14T22:51:19","slug":"instalan-colosal-pantalla-interactiva-en-fachada-del-aquarium-de-veracruz","status":"publish","type":"post","link":"https:\/\/veracruzanosexcepcionahles.com\/index.php\/2024\/11\/14\/instalan-colosal-pantalla-interactiva-en-fachada-del-aquarium-de-veracruz\/","title":{"rendered":"Instalan colosal pantalla interactiva en fachada del Aquarium de Veracruz"},"content":{"rendered":"\n<p><\/p>\n\n\n\n<p>Veracruz, Ver. 14 de noviembre de 2024.- Impresionantes lucen las im\u00e1genes de un tibur\u00f3n proyectadas en una colosal pantalla instalada en la fachada del nuevo Aquarium del Puerto de Veracruz.<\/p>\n\n\n\n<p>Las pruebas se realizaron la noche de este mi\u00e9rcoles en presencia del gobernador Cuitl\u00e1huac Garc\u00eda Jim\u00e9nez, acompa\u00f1ado del titular de la PMA, Sergio Rodr\u00edguez Cort\u00e9s, as\u00ed como de los titulares de la Sefiplan, Jos\u00e9 Luis Lima Franco, y de la Sedecop, Enrique Nach\u00f3n Garc\u00eda.<\/p>\n\n\n\n<p>La colocaci\u00f3n de esta gigantesca pantalla forma parte del proyecto de modernizaci\u00f3n y ampliaci\u00f3n del Aquarium del Puerto de Veracruz que incluye la renovaci\u00f3n de la fachada de la plaza, la cual ser\u00e1 inaugurada el pr\u00f3ximo 16 de noviembre en el marco de la celebraci\u00f3n del 32 aniversario del recinto tur\u00edstico.<\/p>\n\n\n\n<figure class=\"wp-block-embed is-type-video is-provider-youtube wp-block-embed-youtube wp-embed-aspect-16-9 wp-has-aspect-ratio\"><div class=\"wp-block-embed__wrapper\">\n<iframe loading=\"lazy\" title=\"Instalan colosal pantalla interactiva en fachada del Aquarium de Veracruz.\" width=\"640\" height=\"360\" src=\"https:\/\/www.youtube.com\/embed\/scml0q9_cc0?feature=oembed\" frameborder=\"0\" allow=\"accelerometer; autoplay; clipboard-write; encrypted-media; gyroscope; picture-in-picture; web-share\" referrerpolicy=\"strict-origin-when-cross-origin\" allowfullscreen><\/iframe>\n<\/div><\/figure>\n\n\n\n<p>De acuerdo con el titular de la Procuradur\u00eda Estatal de Protecci\u00f3n al Medio Ambiente (PMA), Sergio Rodr\u00edguez Cort\u00e9s, dichos trabajos se encuentran en la recta final y marcan el inicio de una nueva etapa para el Aquarium del Puerto de Veracruz con lo que se consolida como el m\u00e1s vanguardista en M\u00e9xico y Am\u00e9rica Latina.<\/p>\n","protected":false},"excerpt":{"rendered":"<p>Veracruz, Ver. 14 de noviembre de 2024.- Impresionantes lucen las im\u00e1genes de un tibur\u00f3n proyectadas en una colosal pantalla instalada en la fachada del nuevo Aquarium del Puerto de Veracruz. Las pruebas se realizaron la noche de este mi\u00e9rcoles en presencia del gobernador Cuitl\u00e1huac Garc\u00eda Jim\u00e9nez, acompa\u00f1ado del titular de la PMA, Sergio Rodr\u00edguez Cort\u00e9s,&#8230;<\/p>\n","protected":false},"author":2,"featured_media":3470,"comment_status":"closed","ping_status":"","sticky":false,"template":"","format":"standard","meta":{"_jetpack_memberships_contains_paid_content":false,"footnotes":"","jetpack_publicize_message":"","jetpack_publicize_feature_enabled":true,"jetpack_social_post_already_shared":true,"jetpack_social_options":{"image_generator_settings":{"template":"highway","default_image_id":0,"font":"","enabled":false},"version":2}},"categories":[3],"tags":[],"class_list":["post-3469","post","type-post","status-publish","format-standard","has-post-thumbnail","hentry","category-politica"],"jetpack_publicize_connections":[],"jetpack_featured_media_url":"https:\/\/veracruzanosexcepcionahles.com\/wp-content\/uploads\/2024\/11\/WhatsApp-Image-2024-11-14-at-4.46.28-PM.jpeg","jetpack_sharing_enabled":true,"jetpack_likes_enabled":true,"jetpack_shortlink":"https:\/\/wp.me\/pe8dhK-TX","_links":{"self":[{"href":"https:\/\/veracruzanosexcepcionahles.com\/index.php\/wp-json\/wp\/v2\/posts\/3469","targetHints":{"allow":["GET"]}}],"collection":[{"href":"https:\/\/veracruzanosexcepcionahles.com\/index.php\/wp-json\/wp\/v2\/posts"}],"about":[{"href":"https:\/\/veracruzanosexcepcionahles.com\/index.php\/wp-json\/wp\/v2\/types\/post"}],"author":[{"embeddable":true,"href":"https:\/\/veracruzanosexcepcionahles.com\/index.php\/wp-json\/wp\/v2\/users\/2"}],"replies":[{"embeddable":true,"href":"https:\/\/veracruzanosexcepcionahles.com\/index.php\/wp-json\/wp\/v2\/comments?post=3469"}],"version-history":[{"count":1,"href":"https:\/\/veracruzanosexcepcionahles.com\/index.php\/wp-json\/wp\/v2\/posts\/3469\/revisions"}],"predecessor-version":[{"id":3471,"href":"https:\/\/veracruzanosexcepcionahles.com\/index.php\/wp-json\/wp\/v2\/posts\/3469\/revisions\/3471"}],"wp:featuredmedia":[{"embeddable":true,"href":"https:\/\/veracruzanosexcepcionahles.com\/index.php\/wp-json\/wp\/v2\/media\/3470"}],"wp:attachment":[{"href":"https:\/\/veracruzanosexcepcionahles.com\/index.php\/wp-json\/wp\/v2\/media?parent=3469"}],"wp:term":[{"taxonomy":"category","embeddable":true,"href":"https:\/\/veracruzanosexcepcionahles.com\/index.php\/wp-json\/wp\/v2\/categories?post=3469"},{"taxonomy":"post_tag","embeddable":true,"href":"https:\/\/veracruzanosexcepcionahles.com\/index.php\/wp-json\/wp\/v2\/tags?post=3469"}],"curies":[{"name":"wp","href":"https:\/\/api.w.org\/{rel}","templated":true}]}}