{"id":3460,"date":"2024-11-14T16:16:59","date_gmt":"2024-11-14T22:16:59","guid":{"rendered":"https:\/\/veracruzanosexcepcionahles.com\/?p=3460"},"modified":"2024-11-14T16:16:59","modified_gmt":"2024-11-14T22:16:59","slug":"evita-gobierno-del-estado-trafico-de-casi-2-toneladas-de-droga","status":"publish","type":"post","link":"https:\/\/veracruzanosexcepcionahles.com\/index.php\/2024\/11\/14\/evita-gobierno-del-estado-trafico-de-casi-2-toneladas-de-droga\/","title":{"rendered":"Evita Gobierno del Estado tr\u00e1fico de casi 2 toneladas de droga"},"content":{"rendered":"\n<p><\/p>\n\n\n\n<p><em>*Encabeza Gobernador \u00faltima incineraci\u00f3n de estupefacientes en su administraci\u00f3n<\/em><\/p>\n\n\n\n<p><strong>Veracruz, Ver., 14 de noviembre de 2024.-<\/strong>&nbsp;La l\u00ednea de separaci\u00f3n entre Gobierno y delincuencia es muy clara: cero pactos, cero impunidad y combate frontal; este jueves, la Coordinaci\u00f3n Estatal para la Construcci\u00f3n de la Paz efectu\u00f3 la incineraci\u00f3n de casi dos toneladas de estupefacientes, mismos que no llegar\u00e1n a manos de los j\u00f3venes ni generar\u00e1n entornos de violencia.<\/p>\n\n\n\n<p>El gobernador Cuitl\u00e1huac Garc\u00eda Jim\u00e9nez encabez\u00f3 as\u00ed la destrucci\u00f3n de mil 728 kilos de marihuana, 72.97 de coca\u00edna y 49.2 de otros narc\u00f3ticos, adem\u00e1s de 495 gramos de metanfetamina, 504 unidades de sustancias diversas y 22 objetos empleados en la comisi\u00f3n de actividades il\u00edcitas.<\/p>\n\n\n\n<p>La administraci\u00f3n estatal mantuvo una constante y estrecha relaci\u00f3n con los diferentes \u00f3rdenes de gobierno, la Fiscal\u00eda General de la Rep\u00fablica (FGR) y la del Estado para combatir el narcotr\u00e1fico, siendo \u00e9ste el \u00faltimo evento de su tipo en el sexenio.<\/p>\n\n\n\n<p>Antes de la quema, los estupefacientes pasaron un an\u00e1lisis qu\u00edmico por parte de la Coordinaci\u00f3n de Servicios Periciales, asegurando su correcta identificaci\u00f3n y control; dicha acci\u00f3n tuvo lugar en la Base Aeronaval de la Secretar\u00eda del puerto de Veracruz.<\/p>\n\n\n\n<p>Acompa\u00f1aron al mandatario los comandantes de la Tercera Regi\u00f3n Naval, Ra\u00fal P\u00e9rez V\u00e1zquez, y la 26\/a Zona Militar, Armando L\u00f3pez Esquivel; el delegado de la FGR en la entidad, Gonzalo Medina Palacios; la fiscal general Ver\u00f3nica Hern\u00e1ndez Giad\u00e1ns; el secretario de Seguridad P\u00fablica, Cuauht\u00e9moc Z\u00fa\u00f1iga Bonilla, y el representante de la Guardia Nacional, Erasto Guti\u00e9rrez Guti\u00e9rrez.<\/p>\n","protected":false},"excerpt":{"rendered":"<p>*Encabeza Gobernador \u00faltima incineraci\u00f3n de estupefacientes en su administraci\u00f3n Veracruz, Ver., 14 de noviembre de 2024.-&nbsp;La l\u00ednea de separaci\u00f3n entre Gobierno y delincuencia es muy clara: cero pactos, cero impunidad y combate frontal; este jueves, la Coordinaci\u00f3n Estatal para la Construcci\u00f3n de la Paz efectu\u00f3 la incineraci\u00f3n de casi dos toneladas de estupefacientes, mismos que&#8230;<\/p>\n","protected":false},"author":2,"featured_media":3461,"comment_status":"closed","ping_status":"","sticky":false,"template":"","format":"standard","meta":{"_jetpack_memberships_contains_paid_content":false,"footnotes":"","jetpack_publicize_message":"","jetpack_publicize_feature_enabled":true,"jetpack_social_post_already_shared":true,"jetpack_social_options":{"image_generator_settings":{"template":"highway","default_image_id":0,"font":"","enabled":false},"version":2}},"categories":[3],"tags":[],"class_list":["post-3460","post","type-post","status-publish","format-standard","has-post-thumbnail","hentry","category-politica"],"jetpack_publicize_connections":[],"jetpack_featured_media_url":"https:\/\/veracruzanosexcepcionahles.com\/wp-content\/uploads\/2024\/11\/INCINERACION-DE-NARCOTICOS-2-scaled.jpeg","jetpack_sharing_enabled":true,"jetpack_likes_enabled":true,"jetpack_shortlink":"https:\/\/wp.me\/pe8dhK-TO","_links":{"self":[{"href":"https:\/\/veracruzanosexcepcionahles.com\/index.php\/wp-json\/wp\/v2\/posts\/3460","targetHints":{"allow":["GET"]}}],"collection":[{"href":"https:\/\/veracruzanosexcepcionahles.com\/index.php\/wp-json\/wp\/v2\/posts"}],"about":[{"href":"https:\/\/veracruzanosexcepcionahles.com\/index.php\/wp-json\/wp\/v2\/types\/post"}],"author":[{"embeddable":true,"href":"https:\/\/veracruzanosexcepcionahles.com\/index.php\/wp-json\/wp\/v2\/users\/2"}],"replies":[{"embeddable":true,"href":"https:\/\/veracruzanosexcepcionahles.com\/index.php\/wp-json\/wp\/v2\/comments?post=3460"}],"version-history":[{"count":1,"href":"https:\/\/veracruzanosexcepcionahles.com\/index.php\/wp-json\/wp\/v2\/posts\/3460\/revisions"}],"predecessor-version":[{"id":3462,"href":"https:\/\/veracruzanosexcepcionahles.com\/index.php\/wp-json\/wp\/v2\/posts\/3460\/revisions\/3462"}],"wp:featuredmedia":[{"embeddable":true,"href":"https:\/\/veracruzanosexcepcionahles.com\/index.php\/wp-json\/wp\/v2\/media\/3461"}],"wp:attachment":[{"href":"https:\/\/veracruzanosexcepcionahles.com\/index.php\/wp-json\/wp\/v2\/media?parent=3460"}],"wp:term":[{"taxonomy":"category","embeddable":true,"href":"https:\/\/veracruzanosexcepcionahles.com\/index.php\/wp-json\/wp\/v2\/categories?post=3460"},{"taxonomy":"post_tag","embeddable":true,"href":"https:\/\/veracruzanosexcepcionahles.com\/index.php\/wp-json\/wp\/v2\/tags?post=3460"}],"curies":[{"name":"wp","href":"https:\/\/api.w.org\/{rel}","templated":true}]}}