{"id":3456,"date":"2024-11-14T16:07:13","date_gmt":"2024-11-14T22:07:13","guid":{"rendered":"https:\/\/veracruzanosexcepcionahles.com\/?p=3456"},"modified":"2024-11-14T16:12:00","modified_gmt":"2024-11-14T22:12:00","slug":"emiten-convocatoria-para-otorgar-la-medalla-adolfo-ruiz-cortines-2024","status":"publish","type":"post","link":"https:\/\/veracruzanosexcepcionahles.com\/index.php\/2024\/11\/14\/emiten-convocatoria-para-otorgar-la-medalla-adolfo-ruiz-cortines-2024\/","title":{"rendered":"Emiten Convocatoria para otorgar la medalla Adolfo Ruiz Cortines 2024"},"content":{"rendered":"\n<p><\/p>\n\n\n\n<p>\u2022 Premio Adolfo Ruiz Cortines reconoce a quienes por sus acciones rinden tributo al legado del expresidente veracruzano: diputada Bertha Rosal\u00eda Ahued Malpica.<\/p>\n\n\n\n<figure class=\"wp-block-embed is-type-video is-provider-youtube wp-block-embed-youtube wp-embed-aspect-16-9 wp-has-aspect-ratio\"><div class=\"wp-block-embed__wrapper\">\n<iframe loading=\"lazy\" title=\"Emiten Convocatoria para otorgar la medalla Adolfo Ruiz Cortines 2024\" width=\"640\" height=\"360\" src=\"https:\/\/www.youtube.com\/embed\/POSl2mkqN8A?feature=oembed\" frameborder=\"0\" allow=\"accelerometer; autoplay; clipboard-write; encrypted-media; gyroscope; picture-in-picture; web-share\" referrerpolicy=\"strict-origin-when-cross-origin\" allowfullscreen><\/iframe>\n<\/div><\/figure>\n\n\n\n<p>Xalapa, Ver., 13 de noviembre de 2024.- De conformidad con los art\u00edculos 38 de la Ley Org\u00e1nica y 69, 70 y 71 del Reglamento para el Gobierno Interior, ambos del Poder Legislativo del estado, en presencia del presidente de la Junta de Coordinaci\u00f3n Pol\u00edtica (Jucopo), diputado Esteban Bautista Hern\u00e1ndez, qued\u00f3 instalada formalmente la Comisi\u00f3n Especial para el Otorgamiento de la Medalla y Diploma Adolfo Ruiz Cortines 2024.<\/p>\n\n\n\n<p>Los integrantes de la instancia legislativa, diputado y diputadas Bertha Rosal\u00eda Ahued Malpica, presidenta, Ang\u00e9lica Pe\u00f1a Mart\u00ednez, secretaria, y Jos\u00e9 Reveriano Mar\u00edn Hern\u00e1ndez, Dulce Mar\u00eda Hern\u00e1ndez Tepole, Indira de Jes\u00fas Rosales San Rom\u00e1n, Ana Rosa Vald\u00e9s Salazar y Mar\u00eda Elena C\u00f3rdova Molina, vocales, coincidieron en analizar las propuestas a profundidad y otorgar la distinci\u00f3n a quien m\u00e1s lo merezca.<\/p>\n\n\n\n<p>Tras pronunciar una breve semblanza sobre la vida y legado de don Adolfo Ruiz Cortines, la diputada Bertha Rosal\u00eda Ahued Malpica indic\u00f3 que la Medalla \u201crepresenta un tributo a su destacada trayectoria y contribuciones al bienestar de la Naci\u00f3n y fue instaurada para reconocer a aquellos veracruzanos o instituciones que, siguiendo su ejemplo, se dedican al servicio p\u00fablico y a la construcci\u00f3n de una sociedad m\u00e1s justa y equitativa\u201d.<\/p>\n\n\n\n<p>Posteriormente, la Comisi\u00f3n Especial aprob\u00f3 por unanimidad la convocatoria p\u00fablica que tiene como finalidad que la sociedad veracruzana proponga a esta Soberan\u00eda a personas o instituciones p\u00fablicas o sociales que sean consideradas merecedoras a dicho reconocimiento, en los t\u00e9rminos que disponen los art\u00edculos 1, 19, 20 y 21 de la Ley de Premios del Estado.<\/p>\n\n\n\n<p>La Convocatoria establece que las propuestas deber\u00e1n acompa\u00f1arse de una semblanza y exposici\u00f3n de motivos, las cuales deber\u00e1n hacer llegar a la oficina de la diputada Bertha Rosal\u00eda Ahued Malpica, en la planta alta del edificio D del Palacio Legislativo, en la avenida Encanto esquina con avenida L\u00e1zaro C\u00e1rdenas de esta ciudad o enviarlas al correo electr\u00f3nico dip_bahued@legisver.gob.mx.<\/p>\n\n\n\n<p>La recepci\u00f3n de las propuestas comprender\u00e1 del jueves 14 al viernes 22 de noviembre de este a\u00f1o, en horario de 09:00 a 18:00 horas.<\/p>\n\n\n\n<p>La Comisi\u00f3n seleccionar\u00e1 tres de entre las propuestas que, a su juicio, sean las de mayor m\u00e9rito para recibir la distinci\u00f3n, considerando para su elecci\u00f3n el cumplimiento de los requisitos, impacto social, trayectoria e historia de vida, razonando y motivando su decisi\u00f3n.<\/p>\n\n\n\n<p>El Dictamen correspondiente ser\u00e1 puesto a consideraci\u00f3n del Pleno del Congreso, que decidir\u00e1 a la persona merecedora de la Medalla y Diploma Adolfo Ruiz Cortines 2024. La entrega del reconocimiento se realizar\u00e1 durante el mes de diciembre en Sesi\u00f3n Solemne en la fecha que sea acordada por la Jucopo.<\/p>\n","protected":false},"excerpt":{"rendered":"<p>\u2022 Premio Adolfo Ruiz Cortines reconoce a quienes por sus acciones rinden tributo al legado del expresidente veracruzano: diputada Bertha Rosal\u00eda Ahued Malpica. Xalapa, Ver., 13 de noviembre de 2024.- De conformidad con los art\u00edculos 38 de la Ley Org\u00e1nica y 69, 70 y 71 del Reglamento para el Gobierno Interior, ambos del Poder Legislativo&#8230;<\/p>\n","protected":false},"author":2,"featured_media":3457,"comment_status":"closed","ping_status":"","sticky":false,"template":"","format":"standard","meta":{"_jetpack_memberships_contains_paid_content":false,"footnotes":"","jetpack_publicize_message":"","jetpack_publicize_feature_enabled":true,"jetpack_social_post_already_shared":true,"jetpack_social_options":{"image_generator_settings":{"template":"highway","default_image_id":0,"font":"","enabled":false},"version":2}},"categories":[3],"tags":[],"class_list":["post-3456","post","type-post","status-publish","format-standard","has-post-thumbnail","hentry","category-politica"],"jetpack_publicize_connections":[],"jetpack_featured_media_url":"https:\/\/veracruzanosexcepcionahles.com\/wp-content\/uploads\/2024\/11\/WhatsApp-Image-2024-11-13-at-5.52.35-PM.jpeg","jetpack_sharing_enabled":true,"jetpack_likes_enabled":true,"jetpack_shortlink":"https:\/\/wp.me\/pe8dhK-TK","_links":{"self":[{"href":"https:\/\/veracruzanosexcepcionahles.com\/index.php\/wp-json\/wp\/v2\/posts\/3456","targetHints":{"allow":["GET"]}}],"collection":[{"href":"https:\/\/veracruzanosexcepcionahles.com\/index.php\/wp-json\/wp\/v2\/posts"}],"about":[{"href":"https:\/\/veracruzanosexcepcionahles.com\/index.php\/wp-json\/wp\/v2\/types\/post"}],"author":[{"embeddable":true,"href":"https:\/\/veracruzanosexcepcionahles.com\/index.php\/wp-json\/wp\/v2\/users\/2"}],"replies":[{"embeddable":true,"href":"https:\/\/veracruzanosexcepcionahles.com\/index.php\/wp-json\/wp\/v2\/comments?post=3456"}],"version-history":[{"count":2,"href":"https:\/\/veracruzanosexcepcionahles.com\/index.php\/wp-json\/wp\/v2\/posts\/3456\/revisions"}],"predecessor-version":[{"id":3459,"href":"https:\/\/veracruzanosexcepcionahles.com\/index.php\/wp-json\/wp\/v2\/posts\/3456\/revisions\/3459"}],"wp:featuredmedia":[{"embeddable":true,"href":"https:\/\/veracruzanosexcepcionahles.com\/index.php\/wp-json\/wp\/v2\/media\/3457"}],"wp:attachment":[{"href":"https:\/\/veracruzanosexcepcionahles.com\/index.php\/wp-json\/wp\/v2\/media?parent=3456"}],"wp:term":[{"taxonomy":"category","embeddable":true,"href":"https:\/\/veracruzanosexcepcionahles.com\/index.php\/wp-json\/wp\/v2\/categories?post=3456"},{"taxonomy":"post_tag","embeddable":true,"href":"https:\/\/veracruzanosexcepcionahles.com\/index.php\/wp-json\/wp\/v2\/tags?post=3456"}],"curies":[{"name":"wp","href":"https:\/\/api.w.org\/{rel}","templated":true}]}}