{"id":3444,"date":"2024-11-13T15:35:32","date_gmt":"2024-11-13T21:35:32","guid":{"rendered":"https:\/\/veracruzanosexcepcionahles.com\/?p=3444"},"modified":"2024-11-13T16:04:56","modified_gmt":"2024-11-13T22:04:56","slug":"designa-congreso-a-titulares-de-areas-administrativas","status":"publish","type":"post","link":"https:\/\/veracruzanosexcepcionahles.com\/index.php\/2024\/11\/13\/designa-congreso-a-titulares-de-areas-administrativas\/","title":{"rendered":"Designa Congreso a titulares de \u00e1reas administrativas"},"content":{"rendered":"\n<figure class=\"wp-block-gallery has-nested-images columns-default is-cropped wp-block-gallery-1 is-layout-flex wp-block-gallery-is-layout-flex\">\n<figure class=\"wp-block-image size-large\"><img loading=\"lazy\" decoding=\"async\" width=\"1024\" height=\"682\" data-id=\"3448\" src=\"https:\/\/veracruzanosexcepcionahles.com\/wp-content\/uploads\/2024\/11\/IMG-20241113-WA0090-1-1024x682.jpg\" alt=\"\" class=\"wp-image-3448\" srcset=\"https:\/\/veracruzanosexcepcionahles.com\/wp-content\/uploads\/2024\/11\/IMG-20241113-WA0090-1-1024x682.jpg 1024w, https:\/\/veracruzanosexcepcionahles.com\/wp-content\/uploads\/2024\/11\/IMG-20241113-WA0090-1-300x200.jpg 300w, https:\/\/veracruzanosexcepcionahles.com\/wp-content\/uploads\/2024\/11\/IMG-20241113-WA0090-1-768x512.jpg 768w, https:\/\/veracruzanosexcepcionahles.com\/wp-content\/uploads\/2024\/11\/IMG-20241113-WA0090-1-1536x1023.jpg 1536w, https:\/\/veracruzanosexcepcionahles.com\/wp-content\/uploads\/2024\/11\/IMG-20241113-WA0090-1-600x400.jpg 600w, https:\/\/veracruzanosexcepcionahles.com\/wp-content\/uploads\/2024\/11\/IMG-20241113-WA0090-1.jpg 1600w\" sizes=\"auto, (max-width: 1024px) 100vw, 1024px\" \/><\/figure>\n\n\n\n<figure class=\"wp-block-image size-large\"><img loading=\"lazy\" decoding=\"async\" width=\"1024\" height=\"450\" data-id=\"3450\" src=\"https:\/\/veracruzanosexcepcionahles.com\/wp-content\/uploads\/2024\/11\/IMG-20241113-WA0089-1-1024x450.jpg\" alt=\"\" class=\"wp-image-3450\" srcset=\"https:\/\/veracruzanosexcepcionahles.com\/wp-content\/uploads\/2024\/11\/IMG-20241113-WA0089-1-1024x450.jpg 1024w, https:\/\/veracruzanosexcepcionahles.com\/wp-content\/uploads\/2024\/11\/IMG-20241113-WA0089-1-300x132.jpg 300w, https:\/\/veracruzanosexcepcionahles.com\/wp-content\/uploads\/2024\/11\/IMG-20241113-WA0089-1-768x337.jpg 768w, https:\/\/veracruzanosexcepcionahles.com\/wp-content\/uploads\/2024\/11\/IMG-20241113-WA0089-1-1536x674.jpg 1536w, https:\/\/veracruzanosexcepcionahles.com\/wp-content\/uploads\/2024\/11\/IMG-20241113-WA0089-1.jpg 1599w\" sizes=\"auto, (max-width: 1024px) 100vw, 1024px\" \/><\/figure>\n\n\n\n<figure class=\"wp-block-image size-large\"><img loading=\"lazy\" decoding=\"async\" width=\"1024\" height=\"710\" data-id=\"3453\" src=\"https:\/\/veracruzanosexcepcionahles.com\/wp-content\/uploads\/2024\/11\/WhatsApp-Image-2024-11-13-at-3.36.42-PM-1024x710.jpeg\" alt=\"\" class=\"wp-image-3453\" srcset=\"https:\/\/veracruzanosexcepcionahles.com\/wp-content\/uploads\/2024\/11\/WhatsApp-Image-2024-11-13-at-3.36.42-PM-1024x710.jpeg 1024w, https:\/\/veracruzanosexcepcionahles.com\/wp-content\/uploads\/2024\/11\/WhatsApp-Image-2024-11-13-at-3.36.42-PM-300x208.jpeg 300w, https:\/\/veracruzanosexcepcionahles.com\/wp-content\/uploads\/2024\/11\/WhatsApp-Image-2024-11-13-at-3.36.42-PM-768x532.jpeg 768w, https:\/\/veracruzanosexcepcionahles.com\/wp-content\/uploads\/2024\/11\/WhatsApp-Image-2024-11-13-at-3.36.42-PM.jpeg 1280w\" sizes=\"auto, (max-width: 1024px) 100vw, 1024px\" \/><\/figure>\n\n\n\n<figure class=\"wp-block-image size-large\"><img loading=\"lazy\" decoding=\"async\" width=\"1024\" height=\"682\" data-id=\"3449\" src=\"https:\/\/veracruzanosexcepcionahles.com\/wp-content\/uploads\/2024\/11\/IMG-20241113-WA0088-1-1024x682.jpg\" alt=\"\" class=\"wp-image-3449\" srcset=\"https:\/\/veracruzanosexcepcionahles.com\/wp-content\/uploads\/2024\/11\/IMG-20241113-WA0088-1-1024x682.jpg 1024w, https:\/\/veracruzanosexcepcionahles.com\/wp-content\/uploads\/2024\/11\/IMG-20241113-WA0088-1-300x200.jpg 300w, https:\/\/veracruzanosexcepcionahles.com\/wp-content\/uploads\/2024\/11\/IMG-20241113-WA0088-1-768x512.jpg 768w, https:\/\/veracruzanosexcepcionahles.com\/wp-content\/uploads\/2024\/11\/IMG-20241113-WA0088-1-1536x1023.jpg 1536w, https:\/\/veracruzanosexcepcionahles.com\/wp-content\/uploads\/2024\/11\/IMG-20241113-WA0088-1-600x400.jpg 600w, https:\/\/veracruzanosexcepcionahles.com\/wp-content\/uploads\/2024\/11\/IMG-20241113-WA0088-1.jpg 1600w\" sizes=\"auto, (max-width: 1024px) 100vw, 1024px\" \/><\/figure>\n<\/figure>\n\n\n\n<p>\u2022 Entrega el presidente de la Junta de Coordinaci\u00f3n Pol\u00edtica, diputado Esteban Bautista Hern\u00e1ndez, los nombramientos a 17 servidoras y servidores p\u00fablicos.<\/p>\n\n\n\n<p>Xalapa, Ver., 13 de noviembre de 2024.- En apego a lo dispuesto en la fracci\u00f3n I del Art\u00edculo 45 del Reglamento para el Gobierno Interior del Poder Legislativo, la Presidencia de la Junta de Coordinaci\u00f3n Pol\u00edtica (Jucopo), a cargo del diputado Esteban Bautista Hern\u00e1ndez, nombr\u00f3 a las personas que asumir\u00e1n la titularidad de 17 \u00e1reas administrativas de este Congreso.<\/p>\n\n\n\n<p>En un acto celebrado en oficinas del Palacio Legislativo, el Diputado felicit\u00f3 a las personas que asumieron cada cargo y les exhort\u00f3 a mantener en su actuar un estricto apego a al marco normativo que rige al estado y a dar su m\u00e1ximo esfuerzo para optimizar los recursos y dar a las y los ciudadanos una atenci\u00f3n de calidad.<\/p>\n\n\n\n<figure class=\"wp-block-embed is-type-video is-provider-youtube wp-block-embed-youtube wp-embed-aspect-16-9 wp-has-aspect-ratio\"><div class=\"wp-block-embed__wrapper\">\n<iframe loading=\"lazy\" title=\"Designa Congreso del Estado de Veracruz a titulares de \u00e1reas administrativas.\" width=\"640\" height=\"360\" src=\"https:\/\/www.youtube.com\/embed\/3ELLvfloCpw?feature=oembed\" frameborder=\"0\" allow=\"accelerometer; autoplay; clipboard-write; encrypted-media; gyroscope; picture-in-picture; web-share\" referrerpolicy=\"strict-origin-when-cross-origin\" allowfullscreen><\/iframe>\n<\/div><\/figure>\n\n\n\n<p>El Presidente de la Jucopo destac\u00f3 el papel de la representaci\u00f3n popular en la actualizaci\u00f3n, creaci\u00f3n e impulso de nuevas leyes para beneficio de Veracruz, por lo que consider\u00f3 de suma importancia que las y los titulares de las distintas \u00e1reas cuenten con los conocimientos y las habilidades necesarias para desempe\u00f1ar su funci\u00f3n con un alto sentido de responsabilidad y profesionalismo.<\/p>\n\n\n\n<p>A continuaci\u00f3n, el \u00e1rea administrativa y la persona nombrada para el desempe\u00f1o del cargo respectivo, de acuerdo con los nombramientos emitidos por la Secretar\u00eda General de este Congreso.<\/p>\n\n\n\n<p>Secretar\u00eda de Fiscalizaci\u00f3n, Alma Leticia Pati\u00f1o Gabriel;<br>Departamento de Asistencia a Comisiones, Jos\u00e9 Rafael Orozco \u00c1ngel;<br>Departamento de Registro Documental Legislativo, Tom\u00e1s Gayoso Morales;<br>Departamento de Fundo Legal, Maximiliano Gu\u00edzar Oseguera;<br>Departamento de Finanzas, Francisco Orihuela Carmona;<\/p>\n\n\n\n<p>Direcci\u00f3n de Asistencia T\u00e9cnica Legislativa, Maralieny Coli Garc\u00eda;<br>Direcci\u00f3n de Registro Legislativo y Publicaciones Oficiales, Felipe Z\u00fa\u00f1iga Gonz\u00e1lez;<br>Direcci\u00f3n de Recursos Humanos, Martha del Carmen Ortiz Mota;<br>Direcci\u00f3n de Recursos Materiales y Servicios Generales, Ana Patricia Gonz\u00e1lez Bautista;<\/p>\n\n\n\n<p>Direcci\u00f3n de Tesorer\u00eda, Iveth Mart\u00ednez Hern\u00e1ndez;<br>Direcci\u00f3n de Servicios Jur\u00eddicos, Sebasti\u00e1n Clemente Morales;<br>Direcci\u00f3n de Auditor\u00eda y Revisi\u00f3n Financiera, Aurelio Rivera Galindo;<br>Direcci\u00f3n de Normatividad, Control y Seguimiento, Juan Carlos Pati\u00f1o P\u00e9rez (encargado);<\/p>\n\n\n\n<p>Coordinaci\u00f3n de Comunicaci\u00f3n Social, Esa\u00fa Valencia Heredia;<br>Coordinaci\u00f3n de Investigaciones Legislativas, Claudia Bertha Ruiz Rosas;<br>Coordinaci\u00f3n de Inform\u00e1tica, Jos\u00e9 Cruz Ruiz Mir\u00f3n;<\/p>\n\n\n\n<p>Oficina de Seguridad, Antonio Gerardo Monta\u00f1o Baizabal (encargado).<\/p>\n","protected":false},"excerpt":{"rendered":"<p>\u2022 Entrega el presidente de la Junta de Coordinaci\u00f3n Pol\u00edtica, diputado Esteban Bautista Hern\u00e1ndez, los nombramientos a 17 servidoras y servidores p\u00fablicos. Xalapa, Ver., 13 de noviembre de 2024.- En apego a lo dispuesto en la fracci\u00f3n I del Art\u00edculo 45 del Reglamento para el Gobierno Interior del Poder Legislativo, la Presidencia de la Junta&#8230;<\/p>\n","protected":false},"author":2,"featured_media":3449,"comment_status":"closed","ping_status":"","sticky":false,"template":"","format":"standard","meta":{"_jetpack_memberships_contains_paid_content":false,"footnotes":"","jetpack_publicize_message":"","jetpack_publicize_feature_enabled":true,"jetpack_social_post_already_shared":true,"jetpack_social_options":{"image_generator_settings":{"template":"highway","default_image_id":0,"font":"","enabled":false},"version":2}},"categories":[3],"tags":[],"class_list":["post-3444","post","type-post","status-publish","format-standard","has-post-thumbnail","hentry","category-politica"],"jetpack_publicize_connections":[],"jetpack_featured_media_url":"https:\/\/veracruzanosexcepcionahles.com\/wp-content\/uploads\/2024\/11\/IMG-20241113-WA0088-1.jpg","jetpack_sharing_enabled":true,"jetpack_likes_enabled":true,"jetpack_shortlink":"https:\/\/wp.me\/pe8dhK-Ty","_links":{"self":[{"href":"https:\/\/veracruzanosexcepcionahles.com\/index.php\/wp-json\/wp\/v2\/posts\/3444","targetHints":{"allow":["GET"]}}],"collection":[{"href":"https:\/\/veracruzanosexcepcionahles.com\/index.php\/wp-json\/wp\/v2\/posts"}],"about":[{"href":"https:\/\/veracruzanosexcepcionahles.com\/index.php\/wp-json\/wp\/v2\/types\/post"}],"author":[{"embeddable":true,"href":"https:\/\/veracruzanosexcepcionahles.com\/index.php\/wp-json\/wp\/v2\/users\/2"}],"replies":[{"embeddable":true,"href":"https:\/\/veracruzanosexcepcionahles.com\/index.php\/wp-json\/wp\/v2\/comments?post=3444"}],"version-history":[{"count":2,"href":"https:\/\/veracruzanosexcepcionahles.com\/index.php\/wp-json\/wp\/v2\/posts\/3444\/revisions"}],"predecessor-version":[{"id":3454,"href":"https:\/\/veracruzanosexcepcionahles.com\/index.php\/wp-json\/wp\/v2\/posts\/3444\/revisions\/3454"}],"wp:featuredmedia":[{"embeddable":true,"href":"https:\/\/veracruzanosexcepcionahles.com\/index.php\/wp-json\/wp\/v2\/media\/3449"}],"wp:attachment":[{"href":"https:\/\/veracruzanosexcepcionahles.com\/index.php\/wp-json\/wp\/v2\/media?parent=3444"}],"wp:term":[{"taxonomy":"category","embeddable":true,"href":"https:\/\/veracruzanosexcepcionahles.com\/index.php\/wp-json\/wp\/v2\/categories?post=3444"},{"taxonomy":"post_tag","embeddable":true,"href":"https:\/\/veracruzanosexcepcionahles.com\/index.php\/wp-json\/wp\/v2\/tags?post=3444"}],"curies":[{"name":"wp","href":"https:\/\/api.w.org\/{rel}","templated":true}]}}