{"id":3432,"date":"2024-11-12T16:54:28","date_gmt":"2024-11-12T22:54:28","guid":{"rendered":"https:\/\/veracruzanosexcepcionahles.com\/?p=3432"},"modified":"2024-11-12T16:54:28","modified_gmt":"2024-11-12T22:54:28","slug":"mision-cumplida-cuitlahuac-garcia-salda-pago-de-seguros-a-magisterio","status":"publish","type":"post","link":"https:\/\/veracruzanosexcepcionahles.com\/index.php\/2024\/11\/12\/mision-cumplida-cuitlahuac-garcia-salda-pago-de-seguros-a-magisterio\/","title":{"rendered":"Misi\u00f3n cumplida: Cuitl\u00e1huac Garc\u00eda salda pago de seguros a magisterio"},"content":{"rendered":"\n<p><\/p>\n\n\n\n<p><em>*Deuda ascend\u00eda a los mil millones de pesos<\/em><\/p>\n\n\n\n<p><em>*Entregaron cheques de los a\u00f1os 2014-2018 a docentes<\/em><\/p>\n\n\n\n<p><strong>Xalapa, Ver., 12 de noviembre de 2024.-<\/strong>&nbsp;Despu\u00e9s de a\u00f1os de administraciones omisas y promesas incumplidas, con el pago del seguro institucional al tercer bloque de docentes estatales, el Gobierno de Veracruz cierra finalmente uno de los cap\u00edtulos m\u00e1s ominosos de la entidad.<\/p>\n\n\n\n<p>Este martes, acompa\u00f1ado por los secretarios de Educaci\u00f3n, V\u00edctor Vargas Barrientos y de Finanzas, Jos\u00e9 Luis Lima Franco, el gobernador Cuitl\u00e1huac Garc\u00eda Jim\u00e9nez entreg\u00f3 cheques correspondientes al per\u00edodo comprendido entre 2014-2018. \u201cEstamos haciendo un acto de justicia, la cual est\u00e1 por encima de todo, as\u00ed lo dice la Constituci\u00f3n, y este gobierno vino a hacer justicia. Hemos cumplido\u201d, manifest\u00f3.<\/p>\n\n\n\n<p>Record\u00f3 que, desde que estaba en campa\u00f1a, docentes y trabajadores informaron sobre esta demanda y destacaron que el dep\u00f3sito de prestaciones ces\u00f3 hace 14 a\u00f1os, por lo que tom\u00f3 en sus manos dicho compromiso al ocupar la gubernatura.<\/p>\n\n\n\n<p>El pago del adeudo que ascend\u00eda a los mil millones de pesos inici\u00f3 el 9 de octubre pasado, seguido de otro el 21 y, por otra parte, el 22 del mismo mes resarci\u00f3 el da\u00f1o patrimonial al Seguro Social de los Trabajadores de la Educaci\u00f3n del Estado, producto de otro saqueo.<\/p>\n\n\n\n<p>Al respecto, en nombre de los beneficiados, Sa\u00fal Ordaz Alfonso, reconoci\u00f3 la voluntad del mandatario por asumir la responsabilidad y solucionar definitivamente un problema generado por otros gobernantes; enfatiz\u00f3 el agradecimiento de quienes lo reciben a\u00fan en vida, as\u00ed como de los deudos de aquellos que ya no alcanzaron a ver materializado este desagravio.<\/p>\n\n\n\n<p>En la ceremonia retribuy\u00f3 representativamente a Ordaz Alfonso, Javier Amaya Gonz\u00e1lez, Lidia Meneses M\u00e1rquez, H\u00e9ctor Daniel Manteca Garc\u00eda, Eda Irasema Navarrete Ortiz, Julio C\u00e9sar Cort\u00e9s Hern\u00e1ndez, Mar\u00eda del Refugio Paul\u00edn Rodr\u00edguez, Jes\u00fas Alberto Dom\u00ednguez Padr\u00f3n, Silvia Garc\u00eda Padr\u00f3n y Reyna Delia Serv\u00edn Murrieta.<\/p>\n","protected":false},"excerpt":{"rendered":"<p>*Deuda ascend\u00eda a los mil millones de pesos *Entregaron cheques de los a\u00f1os 2014-2018 a docentes Xalapa, Ver., 12 de noviembre de 2024.-&nbsp;Despu\u00e9s de a\u00f1os de administraciones omisas y promesas incumplidas, con el pago del seguro institucional al tercer bloque de docentes estatales, el Gobierno de Veracruz cierra finalmente uno de los cap\u00edtulos m\u00e1s ominosos&#8230;<\/p>\n","protected":false},"author":2,"featured_media":3433,"comment_status":"closed","ping_status":"","sticky":false,"template":"","format":"standard","meta":{"_jetpack_memberships_contains_paid_content":false,"footnotes":"","jetpack_publicize_message":"","jetpack_publicize_feature_enabled":true,"jetpack_social_post_already_shared":true,"jetpack_social_options":{"image_generator_settings":{"template":"highway","default_image_id":0,"font":"","enabled":false},"version":2}},"categories":[2],"tags":[],"class_list":["post-3432","post","type-post","status-publish","format-standard","has-post-thumbnail","hentry","category-gobiernoestatal"],"jetpack_publicize_connections":[],"jetpack_featured_media_url":"https:\/\/veracruzanosexcepcionahles.com\/wp-content\/uploads\/2024\/11\/PAGOS-DE-SEGUROS-INSTITUCIONALES-3-scaled.jpeg","jetpack_sharing_enabled":true,"jetpack_likes_enabled":true,"jetpack_shortlink":"https:\/\/wp.me\/pe8dhK-Tm","_links":{"self":[{"href":"https:\/\/veracruzanosexcepcionahles.com\/index.php\/wp-json\/wp\/v2\/posts\/3432","targetHints":{"allow":["GET"]}}],"collection":[{"href":"https:\/\/veracruzanosexcepcionahles.com\/index.php\/wp-json\/wp\/v2\/posts"}],"about":[{"href":"https:\/\/veracruzanosexcepcionahles.com\/index.php\/wp-json\/wp\/v2\/types\/post"}],"author":[{"embeddable":true,"href":"https:\/\/veracruzanosexcepcionahles.com\/index.php\/wp-json\/wp\/v2\/users\/2"}],"replies":[{"embeddable":true,"href":"https:\/\/veracruzanosexcepcionahles.com\/index.php\/wp-json\/wp\/v2\/comments?post=3432"}],"version-history":[{"count":1,"href":"https:\/\/veracruzanosexcepcionahles.com\/index.php\/wp-json\/wp\/v2\/posts\/3432\/revisions"}],"predecessor-version":[{"id":3434,"href":"https:\/\/veracruzanosexcepcionahles.com\/index.php\/wp-json\/wp\/v2\/posts\/3432\/revisions\/3434"}],"wp:featuredmedia":[{"embeddable":true,"href":"https:\/\/veracruzanosexcepcionahles.com\/index.php\/wp-json\/wp\/v2\/media\/3433"}],"wp:attachment":[{"href":"https:\/\/veracruzanosexcepcionahles.com\/index.php\/wp-json\/wp\/v2\/media?parent=3432"}],"wp:term":[{"taxonomy":"category","embeddable":true,"href":"https:\/\/veracruzanosexcepcionahles.com\/index.php\/wp-json\/wp\/v2\/categories?post=3432"},{"taxonomy":"post_tag","embeddable":true,"href":"https:\/\/veracruzanosexcepcionahles.com\/index.php\/wp-json\/wp\/v2\/tags?post=3432"}],"curies":[{"name":"wp","href":"https:\/\/api.w.org\/{rel}","templated":true}]}}