{"id":3410,"date":"2024-11-12T11:13:37","date_gmt":"2024-11-12T17:13:37","guid":{"rendered":"https:\/\/veracruzanosexcepcionahles.com\/?p=3410"},"modified":"2024-11-12T11:13:37","modified_gmt":"2024-11-12T17:13:37","slug":"arrancara-bacheton-en-veracruz-adelanta-rocio-nahle","status":"publish","type":"post","link":"https:\/\/veracruzanosexcepcionahles.com\/index.php\/2024\/11\/12\/arrancara-bacheton-en-veracruz-adelanta-rocio-nahle\/","title":{"rendered":"ARRANCAR\u00c1 BACHET\u00d3N EN VERACRUZ ADELANTA ROC\u00cdO NAHLE"},"content":{"rendered":"\n<p><\/p>\n\n\n\n<p>Boca del R\u00edo, Ver., martes 12 de noviembre de 2024.- La gobernadora electa de Veracruz, Roc\u00edo Nahle Garc\u00eda, confirm\u00f3 el arranque del programa nacional \u201cBACHET\u00d3N\u201d en el estado, mismo que comprender\u00e1 el mantenimiento y bacheo de todos los tramos carreteros federales.<\/p>\n\n\n\n<p>A la par, una vez que inicie su administraci\u00f3n, precis\u00f3, se har\u00e1 lo propio con las carreteras del estado de Veracruz, a\u00f1adi\u00f3 en entrevista matutina con XEU.<\/p>\n\n\n\n<p>Lo anterior, al dar a conocer los detalles de su reuni\u00f3n en CDMX con la presidenta de M\u00e9xico, Claudia Sheinbaum, el titular de SICT, Jes\u00fas Antonio Esteva Medina y el director de Pemex, V\u00edctor Rodr\u00edguez Padilla.<\/p>\n\n\n\n<p>\u201cHoy se anuncia con el delegado de la SICT y el gobernador Cuitl\u00e1huac Garc\u00eda Jim\u00e9nez\u201d, subray\u00f3.<\/p>\n\n\n\n<p>A\u00f1adi\u00f3 que se detallar\u00e1 todo lo que el gobierno federal har\u00e1 de norte a sur en las principales rutas.<\/p>\n\n\n\n<p>\u201cSi tenemos la carpeta asf\u00e1ltica muy da\u00f1ada y es parte del mantenimiento nacional que la doctora Claudia Sheinbaum ha contemplado\u201d<\/p>\n\n\n\n<p>La delegaci\u00f3n de la Secretar\u00eda de Infraestructura, Comunicaciones y Transportes (SICT) dar\u00e1 la informaci\u00f3n completa, precis\u00f3 la ejecutiva electa.<\/p>\n\n\n\n<p>\u201cCon toda la carpeta correspondiente a la Federaci\u00f3n porque en Veracruz dependen de la Federaci\u00f3n y otras del estado pero son las arterias principales, la carretera 180 por ejemplo, que va toda la costera, desde P\u00e1nuco a Coatzacoalcos, la 127 que es P\u00e1nuco- Tantoyuca-Tantoyuca- Tuxpan y esta es una carretera que nos comprometimos la Doctora Sheinbaum y yo a ampliarla en 12 metros, ni siquiera tiene acotamiento, tenemos pensado iniciar el pr\u00f3ximo a\u00f1o pero en tanto hay que darle mantenimiento.\u201d, adelant\u00f3.<\/p>\n\n\n\n<p>Otra obra urgente, dijo, es el acceso al distribuidor vial a la zona portuaria, proyecto que se ha trabajado con la iniciativa privada y que se estima iniciar en 2025.<\/p>\n\n\n\n<p>En el sur,agreg\u00f3, es muy importante el anteproyecto del puente de Coatzacoalcos I que tiene m\u00e1s de 50 a\u00f1os as\u00ed como la casera que actualmente genera \u201cun embudo\u201d en la zona industrial.<\/p>\n\n\n\n<p>La reuni\u00f3n con el Secretario de SICT, agreg\u00f3,<br>\u201cfue bastante positiva para el avance del Plan Veracruzano de Desarrollo, todo lo que yo plante\u00e9 en campa\u00f1a, eso se va a hacer, es mi compromiso\u201d, puntualiz\u00f3.<\/p>\n","protected":false},"excerpt":{"rendered":"<p>Boca del R\u00edo, Ver., martes 12 de noviembre de 2024.- La gobernadora electa de Veracruz, Roc\u00edo Nahle Garc\u00eda, confirm\u00f3 el arranque del programa nacional \u201cBACHET\u00d3N\u201d en el estado, mismo que comprender\u00e1 el mantenimiento y bacheo de todos los tramos carreteros federales. A la par, una vez que inicie su administraci\u00f3n, precis\u00f3, se har\u00e1 lo propio&#8230;<\/p>\n","protected":false},"author":2,"featured_media":3411,"comment_status":"closed","ping_status":"","sticky":false,"template":"","format":"standard","meta":{"_jetpack_memberships_contains_paid_content":false,"footnotes":"","jetpack_publicize_message":"","jetpack_publicize_feature_enabled":true,"jetpack_social_post_already_shared":true,"jetpack_social_options":{"image_generator_settings":{"template":"highway","default_image_id":0,"font":"","enabled":false},"version":2}},"categories":[23],"tags":[],"class_list":["post-3410","post","type-post","status-publish","format-standard","has-post-thumbnail","hentry","category-actividadesnahle"],"jetpack_publicize_connections":[],"jetpack_featured_media_url":"https:\/\/veracruzanosexcepcionahles.com\/wp-content\/uploads\/2024\/11\/WhatsApp-Image-2024-11-12-at-11.10.07-AM.jpeg","jetpack_sharing_enabled":true,"jetpack_likes_enabled":true,"jetpack_shortlink":"https:\/\/wp.me\/pe8dhK-T0","_links":{"self":[{"href":"https:\/\/veracruzanosexcepcionahles.com\/index.php\/wp-json\/wp\/v2\/posts\/3410","targetHints":{"allow":["GET"]}}],"collection":[{"href":"https:\/\/veracruzanosexcepcionahles.com\/index.php\/wp-json\/wp\/v2\/posts"}],"about":[{"href":"https:\/\/veracruzanosexcepcionahles.com\/index.php\/wp-json\/wp\/v2\/types\/post"}],"author":[{"embeddable":true,"href":"https:\/\/veracruzanosexcepcionahles.com\/index.php\/wp-json\/wp\/v2\/users\/2"}],"replies":[{"embeddable":true,"href":"https:\/\/veracruzanosexcepcionahles.com\/index.php\/wp-json\/wp\/v2\/comments?post=3410"}],"version-history":[{"count":1,"href":"https:\/\/veracruzanosexcepcionahles.com\/index.php\/wp-json\/wp\/v2\/posts\/3410\/revisions"}],"predecessor-version":[{"id":3412,"href":"https:\/\/veracruzanosexcepcionahles.com\/index.php\/wp-json\/wp\/v2\/posts\/3410\/revisions\/3412"}],"wp:featuredmedia":[{"embeddable":true,"href":"https:\/\/veracruzanosexcepcionahles.com\/index.php\/wp-json\/wp\/v2\/media\/3411"}],"wp:attachment":[{"href":"https:\/\/veracruzanosexcepcionahles.com\/index.php\/wp-json\/wp\/v2\/media?parent=3410"}],"wp:term":[{"taxonomy":"category","embeddable":true,"href":"https:\/\/veracruzanosexcepcionahles.com\/index.php\/wp-json\/wp\/v2\/categories?post=3410"},{"taxonomy":"post_tag","embeddable":true,"href":"https:\/\/veracruzanosexcepcionahles.com\/index.php\/wp-json\/wp\/v2\/tags?post=3410"}],"curies":[{"name":"wp","href":"https:\/\/api.w.org\/{rel}","templated":true}]}}