{"id":3406,"date":"2024-11-11T22:50:04","date_gmt":"2024-11-12T04:50:04","guid":{"rendered":"https:\/\/veracruzanosexcepcionahles.com\/?p=3406"},"modified":"2024-11-11T22:50:04","modified_gmt":"2024-11-12T04:50:04","slug":"rocio-nahle-asiste-a-encuentro-de-gobernadores-entrantes-y-salientes-con-claudia-sheinbaum","status":"publish","type":"post","link":"https:\/\/veracruzanosexcepcionahles.com\/index.php\/2024\/11\/11\/rocio-nahle-asiste-a-encuentro-de-gobernadores-entrantes-y-salientes-con-claudia-sheinbaum\/","title":{"rendered":"ROC\u00cdO NAHLE ASISTE A ENCUENTRO DE GOBERNADORES ENTRANTES Y SALIENTES CON CLAUDIA SHEINBAUM"},"content":{"rendered":"\n<figure class=\"wp-block-gallery has-nested-images columns-default is-cropped wp-block-gallery-1 is-layout-flex wp-block-gallery-is-layout-flex\">\n<figure class=\"wp-block-image size-large\"><img loading=\"lazy\" decoding=\"async\" width=\"1024\" height=\"637\" data-id=\"3407\" src=\"https:\/\/veracruzanosexcepcionahles.com\/wp-content\/uploads\/2024\/11\/WhatsApp-Image-2024-11-11-at-10.24.04-PM-1024x637.jpeg\" alt=\"\" class=\"wp-image-3407\" srcset=\"https:\/\/veracruzanosexcepcionahles.com\/wp-content\/uploads\/2024\/11\/WhatsApp-Image-2024-11-11-at-10.24.04-PM-1024x637.jpeg 1024w, https:\/\/veracruzanosexcepcionahles.com\/wp-content\/uploads\/2024\/11\/WhatsApp-Image-2024-11-11-at-10.24.04-PM-300x187.jpeg 300w, https:\/\/veracruzanosexcepcionahles.com\/wp-content\/uploads\/2024\/11\/WhatsApp-Image-2024-11-11-at-10.24.04-PM-768x478.jpeg 768w, https:\/\/veracruzanosexcepcionahles.com\/wp-content\/uploads\/2024\/11\/WhatsApp-Image-2024-11-11-at-10.24.04-PM-400x250.jpeg 400w, https:\/\/veracruzanosexcepcionahles.com\/wp-content\/uploads\/2024\/11\/WhatsApp-Image-2024-11-11-at-10.24.04-PM.jpeg 1280w\" sizes=\"auto, (max-width: 1024px) 100vw, 1024px\" \/><\/figure>\n\n\n\n<figure class=\"wp-block-image size-large\"><img loading=\"lazy\" decoding=\"async\" width=\"1024\" height=\"576\" data-id=\"3408\" src=\"https:\/\/veracruzanosexcepcionahles.com\/wp-content\/uploads\/2024\/11\/WhatsApp-Image-2024-11-11-at-10.24.05-PM-1024x576.jpeg\" alt=\"\" class=\"wp-image-3408\" srcset=\"https:\/\/veracruzanosexcepcionahles.com\/wp-content\/uploads\/2024\/11\/WhatsApp-Image-2024-11-11-at-10.24.05-PM-1024x576.jpeg 1024w, https:\/\/veracruzanosexcepcionahles.com\/wp-content\/uploads\/2024\/11\/WhatsApp-Image-2024-11-11-at-10.24.05-PM-300x169.jpeg 300w, https:\/\/veracruzanosexcepcionahles.com\/wp-content\/uploads\/2024\/11\/WhatsApp-Image-2024-11-11-at-10.24.05-PM-768x432.jpeg 768w, https:\/\/veracruzanosexcepcionahles.com\/wp-content\/uploads\/2024\/11\/WhatsApp-Image-2024-11-11-at-10.24.05-PM.jpeg 1200w\" sizes=\"auto, (max-width: 1024px) 100vw, 1024px\" \/><\/figure>\n<\/figure>\n\n\n\n<blockquote class=\"wp-block-quote is-layout-flow wp-block-quote-is-layout-flow\">\n<p>Asisti\u00f3 Cuitl\u00e1huac Garc\u00eda, su similar saliente, sostuvieron una reuni\u00f3n con la mandataria, dialogaron acerca de IMSS- Bienestar.<br>Roc\u00edo Nahle y Cuitl\u00e1huac Garc\u00eda Jim\u00e9nez tambi\u00e9n se reunieron con el titular de SICT, Jes\u00fas Antonio Esteva Medina.<br>Invit\u00f3 formalmente a Claudia Sheinbaum a su toma de protesta el 1 de diciembre, espera confirmaci\u00f3n.<br>Tras \u00faltima reuni\u00f3n sostenida hace unos d\u00edas con Omar Garc\u00eda Harfuch, Secretario de SSPC, la ejecutiva electa adelanta que en breve dar\u00e1 a conocer al Secretario de Seguridad P\u00fablica del estado de Veracruz,<\/p>\n<\/blockquote>\n\n\n\n<p>Ciudad de M\u00e9xico, lunes 11 de noviembre de 2024.- Este lunes, la gobernadora electa de Veracruz, Roc\u00edo Nahle Garc\u00eda, sostuvo una intensa gira de trabajo en la capital del pa\u00eds, donde asisti\u00f3 al encuentro de mandatarios entrantes y salientes convocada por la presidenta, Claudia Sheinbaum Pardo.<\/p>\n\n\n\n<p>Asimismo, sostuvo una reuni\u00f3n con Claudia Sheinbaum Pardo acompa\u00f1ada de su hom\u00f3logo saliente, Cuitl\u00e1huac Garc\u00eda Jim\u00e9nez, misma que se dio en muy buenos t\u00e9rminos y vers\u00f3 acerca del IMSS Bienestar, destac\u00f3 Nahle Garcia.<\/p>\n\n\n\n<p>Roc\u00edo Nahle confirm\u00f3 igualmente que si invit\u00f3 a Claudia Sheinbaum a su toma de protesta el 1 de diciembre pr\u00f3ximo, se encuentra en espera de la confirmaci\u00f3n.<\/p>\n\n\n\n<p>\u201cVamos a ver, tenemos la invitaci\u00f3n y vamos a esperar, esperemos contar con ella\u201d, aclar\u00f3.<\/p>\n\n\n\n<p>La gobernadora electa de Veracruz, y Cuitl\u00e1huac Garc\u00eda, tambi\u00e9n sostuvieron una reuni\u00f3n con el titular de la Secretar\u00eda de Infraestructura, Comunicaciones y Transportes (SICT), Jes\u00fas Antonio Esteva Medina.<\/p>\n\n\n\n<p>Respecto a la reciente Asamblea Informativa que se llev\u00f3 a cabo en el WTC de Boca del R\u00edo con la presencia de la presidenta del CEN de Morena, Luisa Mar\u00eda Alcalde; de la Secretar\u00eda General, Carolina Rangel y del Secretario de Organizaci\u00f3n, Andr\u00e9s Manuel L\u00f3pez Beltr\u00e1n, explic\u00f3 que fue un gran evento que nuevamente congreg\u00f3 y uni\u00f3 a la base morenista de la entidad.<\/p>\n\n\n\n<p>Por la ma\u00f1ana, en entrevista en Quatromedia Comunicaciones Xalapa, se le cuestion\u00f3 acerca del m\u00e9todo de selecci\u00f3n de los pr\u00f3ximos candidatos a presidentes municipales en el proceso electoral de 2025, al respecto coincidi\u00f3 con la dirigenta nacional, Luisa Mar\u00eda Alcalde en que los m\u00e9todos del partido son muy claros: la encuesta, el consenso y las designaciones.<\/p>\n\n\n\n<p>Morena siempre ha priorizado la encuesta, puntualiz\u00f3.<\/p>\n\n\n\n<p>\u201cHay consenso, hay encuesta, y hay designaciones, as\u00ed es nuestro mecanismo, \u00bfqu\u00e9 es lo m\u00e1s importante?, lo m\u00e1s importante es para que quieres ser, que quieres representar porque a veces se nos olvida, se nos olvida porque surgi\u00f3 Morena, porque es nuestro movimiento transformador y actitudes de golpeteo eso no est\u00e1 bien, las aspiraciones son leg\u00edtimas de todo mundo y entonces me pareci\u00f3 excelente que nuestra dirigenta se haya apersonado aqu\u00ed en Veracruz en un gran, gran evento con toda la militancia y los simpatizantes y fue un gran evento\u201d, subray\u00f3.<\/p>\n","protected":false},"excerpt":{"rendered":"<p>Asisti\u00f3 Cuitl\u00e1huac Garc\u00eda, su similar saliente, sostuvieron una reuni\u00f3n con la mandataria, dialogaron acerca de IMSS- Bienestar.Roc\u00edo Nahle y Cuitl\u00e1huac Garc\u00eda Jim\u00e9nez tambi\u00e9n se reunieron con el titular de SICT, Jes\u00fas Antonio Esteva Medina.Invit\u00f3 formalmente a Claudia Sheinbaum a su toma de protesta el 1 de diciembre, espera confirmaci\u00f3n.Tras \u00faltima reuni\u00f3n sostenida hace unos d\u00edas&#8230;<\/p>\n","protected":false},"author":2,"featured_media":3407,"comment_status":"closed","ping_status":"","sticky":false,"template":"","format":"standard","meta":{"_jetpack_memberships_contains_paid_content":false,"footnotes":"","jetpack_publicize_message":"","jetpack_publicize_feature_enabled":true,"jetpack_social_post_already_shared":true,"jetpack_social_options":{"image_generator_settings":{"template":"highway","default_image_id":0,"font":"","enabled":false},"version":2}},"categories":[23],"tags":[],"class_list":["post-3406","post","type-post","status-publish","format-standard","has-post-thumbnail","hentry","category-actividadesnahle"],"jetpack_publicize_connections":[],"jetpack_featured_media_url":"https:\/\/veracruzanosexcepcionahles.com\/wp-content\/uploads\/2024\/11\/WhatsApp-Image-2024-11-11-at-10.24.04-PM.jpeg","jetpack_sharing_enabled":true,"jetpack_likes_enabled":true,"jetpack_shortlink":"https:\/\/wp.me\/pe8dhK-SW","_links":{"self":[{"href":"https:\/\/veracruzanosexcepcionahles.com\/index.php\/wp-json\/wp\/v2\/posts\/3406","targetHints":{"allow":["GET"]}}],"collection":[{"href":"https:\/\/veracruzanosexcepcionahles.com\/index.php\/wp-json\/wp\/v2\/posts"}],"about":[{"href":"https:\/\/veracruzanosexcepcionahles.com\/index.php\/wp-json\/wp\/v2\/types\/post"}],"author":[{"embeddable":true,"href":"https:\/\/veracruzanosexcepcionahles.com\/index.php\/wp-json\/wp\/v2\/users\/2"}],"replies":[{"embeddable":true,"href":"https:\/\/veracruzanosexcepcionahles.com\/index.php\/wp-json\/wp\/v2\/comments?post=3406"}],"version-history":[{"count":1,"href":"https:\/\/veracruzanosexcepcionahles.com\/index.php\/wp-json\/wp\/v2\/posts\/3406\/revisions"}],"predecessor-version":[{"id":3409,"href":"https:\/\/veracruzanosexcepcionahles.com\/index.php\/wp-json\/wp\/v2\/posts\/3406\/revisions\/3409"}],"wp:featuredmedia":[{"embeddable":true,"href":"https:\/\/veracruzanosexcepcionahles.com\/index.php\/wp-json\/wp\/v2\/media\/3407"}],"wp:attachment":[{"href":"https:\/\/veracruzanosexcepcionahles.com\/index.php\/wp-json\/wp\/v2\/media?parent=3406"}],"wp:term":[{"taxonomy":"category","embeddable":true,"href":"https:\/\/veracruzanosexcepcionahles.com\/index.php\/wp-json\/wp\/v2\/categories?post=3406"},{"taxonomy":"post_tag","embeddable":true,"href":"https:\/\/veracruzanosexcepcionahles.com\/index.php\/wp-json\/wp\/v2\/tags?post=3406"}],"curies":[{"name":"wp","href":"https:\/\/api.w.org\/{rel}","templated":true}]}}