{"id":3345,"date":"2024-11-09T23:29:41","date_gmt":"2024-11-10T05:29:41","guid":{"rendered":"https:\/\/veracruzanosexcepcionahles.com\/?p=3345"},"modified":"2024-11-09T23:29:41","modified_gmt":"2024-11-10T05:29:41","slug":"esteban-bautista-hernandez-presente-en-asamblea-informativa-de-morena","status":"publish","type":"post","link":"https:\/\/veracruzanosexcepcionahles.com\/index.php\/2024\/11\/09\/esteban-bautista-hernandez-presente-en-asamblea-informativa-de-morena\/","title":{"rendered":"Esteban Bautista Hern\u00e1ndez, presente en Asamblea Informativa de Morena"},"content":{"rendered":"\n<figure class=\"wp-block-gallery has-nested-images columns-default is-cropped wp-block-gallery-1 is-layout-flex wp-block-gallery-is-layout-flex\">\n<figure class=\"wp-block-image size-large\"><img loading=\"lazy\" decoding=\"async\" width=\"1024\" height=\"682\" data-id=\"3346\" src=\"https:\/\/veracruzanosexcepcionahles.com\/wp-content\/uploads\/2024\/11\/WhatsApp-Image-2024-11-09-at-5.21.08-PM-1024x682.jpeg\" alt=\"\" class=\"wp-image-3346\" srcset=\"https:\/\/veracruzanosexcepcionahles.com\/wp-content\/uploads\/2024\/11\/WhatsApp-Image-2024-11-09-at-5.21.08-PM-1024x682.jpeg 1024w, https:\/\/veracruzanosexcepcionahles.com\/wp-content\/uploads\/2024\/11\/WhatsApp-Image-2024-11-09-at-5.21.08-PM-300x200.jpeg 300w, https:\/\/veracruzanosexcepcionahles.com\/wp-content\/uploads\/2024\/11\/WhatsApp-Image-2024-11-09-at-5.21.08-PM-768x512.jpeg 768w, https:\/\/veracruzanosexcepcionahles.com\/wp-content\/uploads\/2024\/11\/WhatsApp-Image-2024-11-09-at-5.21.08-PM-600x400.jpeg 600w, https:\/\/veracruzanosexcepcionahles.com\/wp-content\/uploads\/2024\/11\/WhatsApp-Image-2024-11-09-at-5.21.08-PM.jpeg 1280w\" sizes=\"auto, (max-width: 1024px) 100vw, 1024px\" \/><\/figure>\n\n\n\n<figure class=\"wp-block-image size-large\"><img loading=\"lazy\" decoding=\"async\" width=\"1024\" height=\"683\" data-id=\"3347\" src=\"https:\/\/veracruzanosexcepcionahles.com\/wp-content\/uploads\/2024\/11\/WhatsApp-Image-2024-11-09-at-5.21.31-PM-1024x683.jpeg\" alt=\"\" class=\"wp-image-3347\" srcset=\"https:\/\/veracruzanosexcepcionahles.com\/wp-content\/uploads\/2024\/11\/WhatsApp-Image-2024-11-09-at-5.21.31-PM-1024x683.jpeg 1024w, https:\/\/veracruzanosexcepcionahles.com\/wp-content\/uploads\/2024\/11\/WhatsApp-Image-2024-11-09-at-5.21.31-PM-300x200.jpeg 300w, https:\/\/veracruzanosexcepcionahles.com\/wp-content\/uploads\/2024\/11\/WhatsApp-Image-2024-11-09-at-5.21.31-PM-768x512.jpeg 768w, https:\/\/veracruzanosexcepcionahles.com\/wp-content\/uploads\/2024\/11\/WhatsApp-Image-2024-11-09-at-5.21.31-PM-1536x1024.jpeg 1536w, https:\/\/veracruzanosexcepcionahles.com\/wp-content\/uploads\/2024\/11\/WhatsApp-Image-2024-11-09-at-5.21.31-PM-2048x1366.jpeg 2048w, https:\/\/veracruzanosexcepcionahles.com\/wp-content\/uploads\/2024\/11\/WhatsApp-Image-2024-11-09-at-5.21.31-PM-600x400.jpeg 600w\" sizes=\"auto, (max-width: 1024px) 100vw, 1024px\" \/><\/figure>\n\n\n\n<figure class=\"wp-block-image size-large\"><img loading=\"lazy\" decoding=\"async\" width=\"1024\" height=\"683\" data-id=\"3348\" src=\"https:\/\/veracruzanosexcepcionahles.com\/wp-content\/uploads\/2024\/11\/WhatsApp-Image-2024-11-09-at-5.21.45-PM-1024x683.jpeg\" alt=\"\" class=\"wp-image-3348\" srcset=\"https:\/\/veracruzanosexcepcionahles.com\/wp-content\/uploads\/2024\/11\/WhatsApp-Image-2024-11-09-at-5.21.45-PM-1024x683.jpeg 1024w, https:\/\/veracruzanosexcepcionahles.com\/wp-content\/uploads\/2024\/11\/WhatsApp-Image-2024-11-09-at-5.21.45-PM-300x200.jpeg 300w, https:\/\/veracruzanosexcepcionahles.com\/wp-content\/uploads\/2024\/11\/WhatsApp-Image-2024-11-09-at-5.21.45-PM-768x512.jpeg 768w, https:\/\/veracruzanosexcepcionahles.com\/wp-content\/uploads\/2024\/11\/WhatsApp-Image-2024-11-09-at-5.21.45-PM-1536x1024.jpeg 1536w, https:\/\/veracruzanosexcepcionahles.com\/wp-content\/uploads\/2024\/11\/WhatsApp-Image-2024-11-09-at-5.21.45-PM-2048x1365.jpeg 2048w, https:\/\/veracruzanosexcepcionahles.com\/wp-content\/uploads\/2024\/11\/WhatsApp-Image-2024-11-09-at-5.21.45-PM-600x400.jpeg 600w\" sizes=\"auto, (max-width: 1024px) 100vw, 1024px\" \/><\/figure>\n\n\n\n<figure class=\"wp-block-image size-large\"><img loading=\"lazy\" decoding=\"async\" width=\"1024\" height=\"683\" data-id=\"3349\" src=\"https:\/\/veracruzanosexcepcionahles.com\/wp-content\/uploads\/2024\/11\/WhatsApp-Image-2024-11-09-at-5.21.46-PM-1024x683.jpeg\" alt=\"\" class=\"wp-image-3349\" srcset=\"https:\/\/veracruzanosexcepcionahles.com\/wp-content\/uploads\/2024\/11\/WhatsApp-Image-2024-11-09-at-5.21.46-PM-1024x683.jpeg 1024w, https:\/\/veracruzanosexcepcionahles.com\/wp-content\/uploads\/2024\/11\/WhatsApp-Image-2024-11-09-at-5.21.46-PM-300x200.jpeg 300w, https:\/\/veracruzanosexcepcionahles.com\/wp-content\/uploads\/2024\/11\/WhatsApp-Image-2024-11-09-at-5.21.46-PM-768x512.jpeg 768w, https:\/\/veracruzanosexcepcionahles.com\/wp-content\/uploads\/2024\/11\/WhatsApp-Image-2024-11-09-at-5.21.46-PM-1536x1024.jpeg 1536w, https:\/\/veracruzanosexcepcionahles.com\/wp-content\/uploads\/2024\/11\/WhatsApp-Image-2024-11-09-at-5.21.46-PM-2048x1365.jpeg 2048w, https:\/\/veracruzanosexcepcionahles.com\/wp-content\/uploads\/2024\/11\/WhatsApp-Image-2024-11-09-at-5.21.46-PM-600x400.jpeg 600w\" sizes=\"auto, (max-width: 1024px) 100vw, 1024px\" \/><\/figure>\n<\/figure>\n\n\n\n<ul class=\"wp-block-list\">\n<li>La l\u00edder nacional del partido, Luisa Mar\u00eda Alcalde Luj\u00e1n y la gobernadora electa de Veracruz, Roc\u00edo Nahle, firman dec\u00e1logo junto con diputados federales y senadores por Veracruz<\/li>\n<\/ul>\n\n\n\n<p>Boca del R\u00edo, Ver.- Durante la Asamblea Informativa del partido Morena denominada \u201cLa Reforma Judicial Va\u201d, asisti\u00f3 el presidente de la Junta de Coordinaci\u00f3n Pol\u00edtica (Jucopo) profesor Esteban Bautista Hern\u00e1ndez, donde estuvieron presentes la dirigente nacional de Morena, Luisa Mar\u00eda Alcalde Luj\u00e1n y la gobernadora electa de Veracruz, Roc\u00edo Nahle Garc\u00eda.<\/p>\n\n\n\n<p>En compa\u00f1\u00eda tambi\u00e9n del secretario de Organizaci\u00f3n del Movimiento de Regeneraci\u00f3n Nacional (Morena), Andr\u00e9s Manuel L\u00f3pez Beltr\u00e1n, firm\u00f3 junto con diputados federales y senadores por Veracruz el dec\u00e1logo de Morena que los compromete a llevar las siglas del partido y movimiento con respecto a cada uno de sus postulados de no mentir, no robar y no traicionar al pueblo.<\/p>\n\n\n\n<p>En las instalaciones del World Trade Center (WTC) de Veracruz, se dieron cita alrededor de 15 mil personas simpatizantes y militantes morenistas provenientes de todo el estado de Veracruz.<\/p>\n\n\n\n<p>La dirigente nacional de Morena destac\u00f3 \u201cestamos listos para pintar de guinda este estado para el pr\u00f3ximo a\u00f1o donde se renovar\u00e1n las 212 presidencias municipales\u201d.<\/p>\n\n\n\n<p>Mientras que la gobernadora electa de Veracruz, Roc\u00edo Nahle, asegur\u00f3 que Veracruz es una de las entidades con mayor geograf\u00eda electoral y por lo mismo hay mayor participaci\u00f3n pol\u00edtica.<\/p>\n\n\n\n<p>Precis\u00f3 que Morena no tiene due\u00f1o porque es un instrumento al servicio del pueblo, pero esta organizaci\u00f3n va a exponenciar a\u00fan m\u00e1s su crecimiento con orden al tiempo que consolidar\u00e1n el segundo piso de la Cuarta Transformaci\u00f3n.<\/p>\n\n\n\n<p>De igual manera el coordinador de la Jucopo, profesor Esteban Bautista Hern\u00e1ndez, asisti\u00f3 a la reuni\u00f3n organizativa que se llev\u00f3 a cabo con senadores, diputados federales y locales, donde estuvieron presentes enlaces de Morena de todo el estado de Veracruz.<\/p>\n","protected":false},"excerpt":{"rendered":"<p>Boca del R\u00edo, Ver.- Durante la Asamblea Informativa del partido Morena denominada \u201cLa Reforma Judicial Va\u201d, asisti\u00f3 el presidente de la Junta de Coordinaci\u00f3n Pol\u00edtica (Jucopo) profesor Esteban Bautista Hern\u00e1ndez, donde estuvieron presentes la dirigente nacional de Morena, Luisa Mar\u00eda Alcalde Luj\u00e1n y la gobernadora electa de Veracruz, Roc\u00edo Nahle Garc\u00eda. En compa\u00f1\u00eda tambi\u00e9n del&#8230;<\/p>\n","protected":false},"author":2,"featured_media":3350,"comment_status":"closed","ping_status":"","sticky":false,"template":"","format":"standard","meta":{"_jetpack_memberships_contains_paid_content":false,"footnotes":"","jetpack_publicize_message":"","jetpack_publicize_feature_enabled":true,"jetpack_social_post_already_shared":true,"jetpack_social_options":{"image_generator_settings":{"template":"highway","default_image_id":0,"font":"","enabled":false},"version":2}},"categories":[3],"tags":[],"class_list":["post-3345","post","type-post","status-publish","format-standard","has-post-thumbnail","hentry","category-politica"],"jetpack_publicize_connections":[],"jetpack_featured_media_url":"https:\/\/veracruzanosexcepcionahles.com\/wp-content\/uploads\/2024\/11\/WhatsApp-Image-2024-11-09-at-5.21.38-PM-scaled.jpeg","jetpack_sharing_enabled":true,"jetpack_likes_enabled":true,"jetpack_shortlink":"https:\/\/wp.me\/pe8dhK-RX","_links":{"self":[{"href":"https:\/\/veracruzanosexcepcionahles.com\/index.php\/wp-json\/wp\/v2\/posts\/3345","targetHints":{"allow":["GET"]}}],"collection":[{"href":"https:\/\/veracruzanosexcepcionahles.com\/index.php\/wp-json\/wp\/v2\/posts"}],"about":[{"href":"https:\/\/veracruzanosexcepcionahles.com\/index.php\/wp-json\/wp\/v2\/types\/post"}],"author":[{"embeddable":true,"href":"https:\/\/veracruzanosexcepcionahles.com\/index.php\/wp-json\/wp\/v2\/users\/2"}],"replies":[{"embeddable":true,"href":"https:\/\/veracruzanosexcepcionahles.com\/index.php\/wp-json\/wp\/v2\/comments?post=3345"}],"version-history":[{"count":1,"href":"https:\/\/veracruzanosexcepcionahles.com\/index.php\/wp-json\/wp\/v2\/posts\/3345\/revisions"}],"predecessor-version":[{"id":3351,"href":"https:\/\/veracruzanosexcepcionahles.com\/index.php\/wp-json\/wp\/v2\/posts\/3345\/revisions\/3351"}],"wp:featuredmedia":[{"embeddable":true,"href":"https:\/\/veracruzanosexcepcionahles.com\/index.php\/wp-json\/wp\/v2\/media\/3350"}],"wp:attachment":[{"href":"https:\/\/veracruzanosexcepcionahles.com\/index.php\/wp-json\/wp\/v2\/media?parent=3345"}],"wp:term":[{"taxonomy":"category","embeddable":true,"href":"https:\/\/veracruzanosexcepcionahles.com\/index.php\/wp-json\/wp\/v2\/categories?post=3345"},{"taxonomy":"post_tag","embeddable":true,"href":"https:\/\/veracruzanosexcepcionahles.com\/index.php\/wp-json\/wp\/v2\/tags?post=3345"}],"curies":[{"name":"wp","href":"https:\/\/api.w.org\/{rel}","templated":true}]}}