{"id":3335,"date":"2024-11-09T23:22:58","date_gmt":"2024-11-10T05:22:58","guid":{"rendered":"https:\/\/veracruzanosexcepcionahles.com\/?p=3335"},"modified":"2024-11-09T23:22:58","modified_gmt":"2024-11-10T05:22:58","slug":"con-orden-y-organizacion-morena-seguira-en-la-ruta-del-crecimiento-y-la-consolidacion-de-la-4t-rocio-nahle","status":"publish","type":"post","link":"https:\/\/veracruzanosexcepcionahles.com\/index.php\/2024\/11\/09\/con-orden-y-organizacion-morena-seguira-en-la-ruta-del-crecimiento-y-la-consolidacion-de-la-4t-rocio-nahle\/","title":{"rendered":"CON ORDEN Y ORGANIZACI\u00d3N MORENA SEGUIR\u00c1 EN LA RUTA DEL CRECIMIENTO Y LA CONSOLIDACI\u00d3N DE LA 4T: ROC\u00cdO NAHLE"},"content":{"rendered":"\n<figure class=\"wp-block-gallery has-nested-images columns-default is-cropped wp-block-gallery-1 is-layout-flex wp-block-gallery-is-layout-flex\">\n<figure class=\"wp-block-image size-large\"><img loading=\"lazy\" decoding=\"async\" width=\"1600\" height=\"1066\" data-id=\"3336\" src=\"https:\/\/veracruzanosexcepcionahles.com\/wp-content\/uploads\/2024\/11\/2-1024x682.jpeg\" alt=\"\" class=\"wp-image-3336\" srcset=\"https:\/\/veracruzanosexcepcionahles.com\/wp-content\/uploads\/2024\/11\/2-1024x682.jpeg 1024w, https:\/\/veracruzanosexcepcionahles.com\/wp-content\/uploads\/2024\/11\/2-300x200.jpeg 300w, https:\/\/veracruzanosexcepcionahles.com\/wp-content\/uploads\/2024\/11\/2-768x512.jpeg 768w, https:\/\/veracruzanosexcepcionahles.com\/wp-content\/uploads\/2024\/11\/2-1536x1023.jpeg 1536w, https:\/\/veracruzanosexcepcionahles.com\/wp-content\/uploads\/2024\/11\/2-600x400.jpeg 600w, https:\/\/veracruzanosexcepcionahles.com\/wp-content\/uploads\/2024\/11\/2.jpeg 1600w\" sizes=\"auto, (max-width: 1600px) 100vw, 1600px\" \/><\/figure>\n\n\n\n<figure class=\"wp-block-image size-large\"><img loading=\"lazy\" decoding=\"async\" width=\"1024\" height=\"576\" data-id=\"3337\" src=\"https:\/\/veracruzanosexcepcionahles.com\/wp-content\/uploads\/2024\/11\/3-1024x576.jpeg\" alt=\"\" class=\"wp-image-3337\" srcset=\"https:\/\/veracruzanosexcepcionahles.com\/wp-content\/uploads\/2024\/11\/3-1024x576.jpeg 1024w, https:\/\/veracruzanosexcepcionahles.com\/wp-content\/uploads\/2024\/11\/3-300x169.jpeg 300w, https:\/\/veracruzanosexcepcionahles.com\/wp-content\/uploads\/2024\/11\/3-768x432.jpeg 768w, https:\/\/veracruzanosexcepcionahles.com\/wp-content\/uploads\/2024\/11\/3-1536x864.jpeg 1536w, https:\/\/veracruzanosexcepcionahles.com\/wp-content\/uploads\/2024\/11\/3.jpeg 1600w\" sizes=\"auto, (max-width: 1024px) 100vw, 1024px\" \/><\/figure>\n\n\n\n<figure class=\"wp-block-image size-large\"><img loading=\"lazy\" decoding=\"async\" width=\"1024\" height=\"682\" data-id=\"3338\" src=\"https:\/\/veracruzanosexcepcionahles.com\/wp-content\/uploads\/2024\/11\/4-1024x682.jpeg\" alt=\"\" class=\"wp-image-3338\" srcset=\"https:\/\/veracruzanosexcepcionahles.com\/wp-content\/uploads\/2024\/11\/4-1024x682.jpeg 1024w, https:\/\/veracruzanosexcepcionahles.com\/wp-content\/uploads\/2024\/11\/4-300x200.jpeg 300w, https:\/\/veracruzanosexcepcionahles.com\/wp-content\/uploads\/2024\/11\/4-768x512.jpeg 768w, https:\/\/veracruzanosexcepcionahles.com\/wp-content\/uploads\/2024\/11\/4-1536x1023.jpeg 1536w, https:\/\/veracruzanosexcepcionahles.com\/wp-content\/uploads\/2024\/11\/4-600x400.jpeg 600w, https:\/\/veracruzanosexcepcionahles.com\/wp-content\/uploads\/2024\/11\/4.jpeg 1600w\" sizes=\"auto, (max-width: 1024px) 100vw, 1024px\" \/><\/figure>\n\n\n\n<figure class=\"wp-block-image size-large\"><img loading=\"lazy\" decoding=\"async\" width=\"1024\" height=\"682\" data-id=\"3339\" src=\"https:\/\/veracruzanosexcepcionahles.com\/wp-content\/uploads\/2024\/11\/5-1024x682.jpeg\" alt=\"\" class=\"wp-image-3339\" srcset=\"https:\/\/veracruzanosexcepcionahles.com\/wp-content\/uploads\/2024\/11\/5-1024x682.jpeg 1024w, https:\/\/veracruzanosexcepcionahles.com\/wp-content\/uploads\/2024\/11\/5-300x200.jpeg 300w, https:\/\/veracruzanosexcepcionahles.com\/wp-content\/uploads\/2024\/11\/5-768x512.jpeg 768w, https:\/\/veracruzanosexcepcionahles.com\/wp-content\/uploads\/2024\/11\/5-1536x1023.jpeg 1536w, https:\/\/veracruzanosexcepcionahles.com\/wp-content\/uploads\/2024\/11\/5-600x400.jpeg 600w, https:\/\/veracruzanosexcepcionahles.com\/wp-content\/uploads\/2024\/11\/5.jpeg 1600w\" sizes=\"auto, (max-width: 1024px) 100vw, 1024px\" \/><\/figure>\n\n\n\n<figure class=\"wp-block-image size-large\"><img loading=\"lazy\" decoding=\"async\" width=\"1024\" height=\"682\" data-id=\"3340\" src=\"https:\/\/veracruzanosexcepcionahles.com\/wp-content\/uploads\/2024\/11\/6-1024x682.jpeg\" alt=\"\" class=\"wp-image-3340\" srcset=\"https:\/\/veracruzanosexcepcionahles.com\/wp-content\/uploads\/2024\/11\/6-1024x682.jpeg 1024w, https:\/\/veracruzanosexcepcionahles.com\/wp-content\/uploads\/2024\/11\/6-300x200.jpeg 300w, https:\/\/veracruzanosexcepcionahles.com\/wp-content\/uploads\/2024\/11\/6-768x512.jpeg 768w, https:\/\/veracruzanosexcepcionahles.com\/wp-content\/uploads\/2024\/11\/6-1536x1023.jpeg 1536w, https:\/\/veracruzanosexcepcionahles.com\/wp-content\/uploads\/2024\/11\/6-600x400.jpeg 600w, https:\/\/veracruzanosexcepcionahles.com\/wp-content\/uploads\/2024\/11\/6.jpeg 1600w\" sizes=\"auto, (max-width: 1024px) 100vw, 1024px\" \/><\/figure>\n\n\n\n<figure class=\"wp-block-image size-large\"><img loading=\"lazy\" decoding=\"async\" width=\"1024\" height=\"682\" data-id=\"3341\" src=\"https:\/\/veracruzanosexcepcionahles.com\/wp-content\/uploads\/2024\/11\/7-1024x682.jpeg\" alt=\"\" class=\"wp-image-3341\" srcset=\"https:\/\/veracruzanosexcepcionahles.com\/wp-content\/uploads\/2024\/11\/7-1024x682.jpeg 1024w, https:\/\/veracruzanosexcepcionahles.com\/wp-content\/uploads\/2024\/11\/7-300x200.jpeg 300w, https:\/\/veracruzanosexcepcionahles.com\/wp-content\/uploads\/2024\/11\/7-768x512.jpeg 768w, https:\/\/veracruzanosexcepcionahles.com\/wp-content\/uploads\/2024\/11\/7-1536x1023.jpeg 1536w, https:\/\/veracruzanosexcepcionahles.com\/wp-content\/uploads\/2024\/11\/7-600x400.jpeg 600w, https:\/\/veracruzanosexcepcionahles.com\/wp-content\/uploads\/2024\/11\/7.jpeg 1600w\" sizes=\"auto, (max-width: 1024px) 100vw, 1024px\" \/><\/figure>\n\n\n\n<figure class=\"wp-block-image size-large\"><img loading=\"lazy\" decoding=\"async\" width=\"1024\" height=\"682\" data-id=\"3342\" src=\"https:\/\/veracruzanosexcepcionahles.com\/wp-content\/uploads\/2024\/11\/8-1024x682.jpeg\" alt=\"\" class=\"wp-image-3342\" srcset=\"https:\/\/veracruzanosexcepcionahles.com\/wp-content\/uploads\/2024\/11\/8-1024x682.jpeg 1024w, https:\/\/veracruzanosexcepcionahles.com\/wp-content\/uploads\/2024\/11\/8-300x200.jpeg 300w, https:\/\/veracruzanosexcepcionahles.com\/wp-content\/uploads\/2024\/11\/8-768x512.jpeg 768w, https:\/\/veracruzanosexcepcionahles.com\/wp-content\/uploads\/2024\/11\/8-1536x1023.jpeg 1536w, https:\/\/veracruzanosexcepcionahles.com\/wp-content\/uploads\/2024\/11\/8-600x400.jpeg 600w, https:\/\/veracruzanosexcepcionahles.com\/wp-content\/uploads\/2024\/11\/8.jpeg 1600w\" sizes=\"auto, (max-width: 1024px) 100vw, 1024px\" \/><\/figure>\n<\/figure>\n\n\n\n<blockquote class=\"wp-block-quote is-layout-flow wp-block-quote-is-layout-flow\">\n<p>Roc\u00edo Nahle, Luisa Mar\u00eda Alcalde Luj\u00e1n, Andr\u00e9s Manuel L\u00f3pez Beltr\u00e1n y Carolina Rangel, encabezaron Reuni\u00f3n Organizativa en Veracruz.<br>Con gran camarader\u00eda, la ejecutiva electa fue anfitriona de Luisa Alcalde, Andr\u00e9s Manuel L\u00f3pez Beltr\u00e1n y Carolina Rangel, nuevos integrantes del CEN de Morena, en su primera visita a Veracruz.<\/p>\n<\/blockquote>\n\n\n\n<p>Boca del R\u00edo, Ver., s\u00e1bado 09 de noviembre de 2024.- Una verdadera fiesta morenista se vivi\u00f3 en la Asamblea Informativa \u201cLa Reforma Judicial Va\u201d que encabezaron la dirigenta nacional de Morena, Luisa Mar\u00eda Alcalde Luj\u00e1n y la gobernadora electa de Veracruz, Roc\u00edo Nahle Garc\u00eda acompa\u00f1adas de miembros del nuevo Comit\u00e9 Ejecutivo Nacional y alrededor de 15 mil militantes y simpatizantes congregados en el World Trade Center.<\/p>\n\n\n\n<p>En su participaci\u00f3n, la gobernadora electa de Veracruz, celebr\u00f3 la concreci\u00f3n de la Reforma Judicial porque esto marca un precedente y un hito en la historia de M\u00e9xico as\u00ed como en la impartici\u00f3n de justicia en nuestro pa\u00eds gracias a la Cuarta Transformaci\u00f3n.<\/p>\n\n\n\n<p>\u201cHoy gracias a la mayor\u00eda en el Congreso, gracias a la continuidad en nuestro movimiento, es una realidad y vivimos tiempos interesantes porque vimos como sali\u00f3 la corte, pero no nada m\u00e1s la corte sino poderes f\u00e1cticos que hab\u00edan estado semi ocultos y que salieron a ver cu\u00e1l era el verdadero inter\u00e9s en M\u00e9xico, incluso con tintes golpistas pero eso ustedes, nosotros, nuestro movimiento, en cada rinc\u00f3n del pa\u00eds, en cada municipio es lo que le da fortaleza al gran movimiento y a la transformaci\u00f3n que se vive en M\u00e9xico como en ninguna parte del mundo\u201d, subray\u00f3.<\/p>\n\n\n\n<p>Lo que se vivi\u00f3 este d\u00eda en Boca del R\u00edo, donde la plana mayor de Morena en el Estado y en el pa\u00eds, se congreg\u00f3 para recibir en su primera visita al nuevo Comit\u00e9 Ejecutivo Nacional de Morena con Luisa Mar\u00eda Alcalde Luj\u00e1n como presidenta, a la Secretaria General, Carolina Rangel y al Secretario de Organizaci\u00f3n, Andr\u00e9s Manuel L\u00f3pez Beltr\u00e1n, es muestra que el movimiento est\u00e1 en crecimiento y se va a exponenciar con el gran trabajo que se sigue haciendo en territorio a nivel nacional, subray\u00f3 Nahle Garc\u00eda.<\/p>\n\n\n\n<p>Record\u00f3 que Veracruz es una de las entidades con mayor geograf\u00eda electoral y por ende con mayor participaci\u00f3n.<\/p>\n\n\n\n<p>\u201cEstar hoy aqu\u00ed, con nuestros dirigentes, en nuestro movimiento para guiar, conducir, organizar, es de lo m\u00e1s positivo. Aqu\u00ed en Veracruz nuestro joven movimiento somos el estado que m\u00e1s participaci\u00f3n electoral hemos tenido\u201d, subray\u00f3.<\/p>\n\n\n\n<p>Destac\u00f3 que Morena ha hecho historia en menos de una d\u00e9cada.<\/p>\n\n\n\n<p>En 2015, record\u00f3, junto al actual gobernador de Veracruz, Cuitl\u00e1huac Garc\u00eda Jim\u00e9nez, resultaron ganadores de las dos primeras diputaciones federales por Morena en el estado por los distritos de Xalapa y Coatzacoalcos.<\/p>\n\n\n\n<p>En 2016, se perdi\u00f3 la elecci\u00f3n a la gubernatura con Cuitl\u00e1huac Garc\u00eda Jim\u00e9nez por primera vez como candidato; en 2017 se realizaron las elecciones municipales; en 2018, se gan\u00f3 el gobierno de Veracruz en elecciones concurrentes, estatales, federales y presidenciales; en 2021 se disputaron presidencias municipales y diputaciones federales y este a\u00f1o, en 2024, se vivi\u00f3 otro proceso federal y estatal \u201cy eso es mucho trabajo pero eso es lo que ha servido para mantener y crecer el movimiento en Veracruz, tocar puertas, hablar con la gente, actuar con congruencia y decirle a la gente, estamos aqu\u00ed para servir, para trabajar, y hoy con nuestra presidenta que lleva la continuidad de la pol\u00edtica que inici\u00f3 nuestro querido y gran l\u00edder presidente L\u00f3pez Obrador, nuestro movimiento va a seguir creciendo con orden, orden es muy importante\u201d, subray\u00f3.<\/p>\n\n\n\n<p>Reiter\u00f3 que Morena no tiene due\u00f1o porque es un instrumento para el servicio del pueblo pero est\u00e1 organizaci\u00f3n va a exponenciar a\u00fan m\u00e1s su crecimiento con orden al tiempo que consolidar\u00e1n el segundo piso de la Cuarta Transformaci\u00f3n.<\/p>\n\n\n\n<p>\u201cNosotros emanamos de un movimiento transformador y democr\u00e1tico en M\u00e9xico y hoy en Veracruz es una realidad y es esto, la organizaci\u00f3n del di\u00e1logo. Y felices de tener aqu\u00ed a los compa\u00f1eros del CEN, en especial a nuestra dirigente Luisa Alcalde. Muchas gracias.\u201d, agreg\u00f3.<\/p>\n\n\n\n<p>En este marco, legisladores federales y locales firmaron el dec\u00e1logo de Morena que los compromete a llevar las siglas del partido y movimiento con respeto a cada uno de sus postulados: no mentir, no robar y no traicionar al pueblo.<\/p>\n\n\n\n<p>Firmaron el mismo los senadores morenistas, Claudia Tello Espinosa, Manuel Huerta Ladr\u00f3n de Guevara, el diputado federal, Zenyazen Escobar Garc\u00eda y el presidente de la Junta de Coordinaci\u00f3n Pol\u00edtica del Congreso Local, Esteban Bautista.<\/p>\n\n\n\n<p>Previo a la Asamblea Informativa, Luisa Mar\u00eda Alcalde Luj\u00e1n, Andr\u00e9s Manuel L\u00f3pez Beltr\u00e1n, Carolina Gracida como integrantes del Comit\u00e9 Ejecutivo Nacional de Morena, Roc\u00edo Nahle Garc\u00eda, como gobernadora electa y l\u00edder pol\u00edtica en el Estado, adem\u00e1s del dirigente estatal de Morena, Esteban Ram\u00edrez Zepeta, encabezaron la Reuni\u00f3n Organizativa que se llev\u00f3 a cabo con senadores, diputados federales, diputados locales y enlaces de Morena en el estado de Veracruz.<\/p>\n","protected":false},"excerpt":{"rendered":"<p>Roc\u00edo Nahle, Luisa Mar\u00eda Alcalde Luj\u00e1n, Andr\u00e9s Manuel L\u00f3pez Beltr\u00e1n y Carolina Rangel, encabezaron Reuni\u00f3n Organizativa en Veracruz.Con gran camarader\u00eda, la ejecutiva electa fue anfitriona de Luisa Alcalde, Andr\u00e9s Manuel L\u00f3pez Beltr\u00e1n y Carolina Rangel, nuevos integrantes del CEN de Morena, en su primera visita a Veracruz. Boca del R\u00edo, Ver., s\u00e1bado 09 de noviembre&#8230;<\/p>\n","protected":false},"author":2,"featured_media":3343,"comment_status":"closed","ping_status":"","sticky":false,"template":"","format":"standard","meta":{"_jetpack_memberships_contains_paid_content":false,"footnotes":"","jetpack_publicize_message":"","jetpack_publicize_feature_enabled":true,"jetpack_social_post_already_shared":true,"jetpack_social_options":{"image_generator_settings":{"template":"highway","default_image_id":0,"font":"","enabled":false},"version":2}},"categories":[23],"tags":[],"class_list":["post-3335","post","type-post","status-publish","format-standard","has-post-thumbnail","hentry","category-actividadesnahle"],"jetpack_publicize_connections":[],"jetpack_featured_media_url":"https:\/\/veracruzanosexcepcionahles.com\/wp-content\/uploads\/2024\/11\/1.jpeg","jetpack_sharing_enabled":true,"jetpack_likes_enabled":true,"jetpack_shortlink":"https:\/\/wp.me\/pe8dhK-RN","_links":{"self":[{"href":"https:\/\/veracruzanosexcepcionahles.com\/index.php\/wp-json\/wp\/v2\/posts\/3335","targetHints":{"allow":["GET"]}}],"collection":[{"href":"https:\/\/veracruzanosexcepcionahles.com\/index.php\/wp-json\/wp\/v2\/posts"}],"about":[{"href":"https:\/\/veracruzanosexcepcionahles.com\/index.php\/wp-json\/wp\/v2\/types\/post"}],"author":[{"embeddable":true,"href":"https:\/\/veracruzanosexcepcionahles.com\/index.php\/wp-json\/wp\/v2\/users\/2"}],"replies":[{"embeddable":true,"href":"https:\/\/veracruzanosexcepcionahles.com\/index.php\/wp-json\/wp\/v2\/comments?post=3335"}],"version-history":[{"count":1,"href":"https:\/\/veracruzanosexcepcionahles.com\/index.php\/wp-json\/wp\/v2\/posts\/3335\/revisions"}],"predecessor-version":[{"id":3344,"href":"https:\/\/veracruzanosexcepcionahles.com\/index.php\/wp-json\/wp\/v2\/posts\/3335\/revisions\/3344"}],"wp:featuredmedia":[{"embeddable":true,"href":"https:\/\/veracruzanosexcepcionahles.com\/index.php\/wp-json\/wp\/v2\/media\/3343"}],"wp:attachment":[{"href":"https:\/\/veracruzanosexcepcionahles.com\/index.php\/wp-json\/wp\/v2\/media?parent=3335"}],"wp:term":[{"taxonomy":"category","embeddable":true,"href":"https:\/\/veracruzanosexcepcionahles.com\/index.php\/wp-json\/wp\/v2\/categories?post=3335"},{"taxonomy":"post_tag","embeddable":true,"href":"https:\/\/veracruzanosexcepcionahles.com\/index.php\/wp-json\/wp\/v2\/tags?post=3335"}],"curies":[{"name":"wp","href":"https:\/\/api.w.org\/{rel}","templated":true}]}}