{"id":3298,"date":"2024-11-04T23:13:06","date_gmt":"2024-11-05T05:13:06","guid":{"rendered":"https:\/\/veracruzanosexcepcionahles.com\/?p=3298"},"modified":"2024-11-04T23:13:06","modified_gmt":"2024-11-05T05:13:06","slug":"cuitlahuac-cumple-inaugura-infraestructura-clave-en-soledad-de-doblado-y-puente-nacional","status":"publish","type":"post","link":"https:\/\/veracruzanosexcepcionahles.com\/index.php\/2024\/11\/04\/cuitlahuac-cumple-inaugura-infraestructura-clave-en-soledad-de-doblado-y-puente-nacional\/","title":{"rendered":"Cuitl\u00e1huac cumple: inaugura infraestructura clave en Soledad de Doblado y Puente Nacional"},"content":{"rendered":"\n<p><\/p>\n\n\n\n<p><em>*Cierre del sexenio est\u00e1 dedicado a la entrega y apertura de importantes obras<\/em><\/p>\n\n\n\n<p><strong>Soledad de Doblado, Ver., 04 de noviembre de 2024.-<\/strong>&nbsp;En respuesta a su compromiso con el desarrollo y la seguridad del estado, el gobernador Cuitl\u00e1huac Garc\u00eda Jim\u00e9nez entreg\u00f3 dos importantes obras de ampliaci\u00f3n y modernizaci\u00f3n de carreteras en concreto hidr\u00e1ulico, beneficiando a los municipios de Soledad de Doblado y Puente Nacional.<\/p>\n\n\n\n<p>La primera consiste en la pavimentaci\u00f3n de 3.36 kil\u00f3metros, conectando de forma digna a m\u00e1s de 14 mil 479 habitantes de las comunidades de Mata Cazuela y Puerta de Mata Anona, fortaleciendo as\u00ed la conectividad regional; facilitando el acceso a servicios y mejorando su calidad de vida gracias al tr\u00e1nsito m\u00e1s \u00e1gil y seguro.<\/p>\n\n\n\n<p>Acompa\u00f1ado por la presidenta municipal Arantxa Zamitiz Sosa y el cabildo local, el mandatario recorri\u00f3 esta ruta ejecutada por la Secretar\u00eda de Infraestructura y Obras P\u00fablicas y despu\u00e9s, encabez\u00f3 el corte de list\u00f3n, entreg\u00e1ndola formalmente a la comunidad.<\/p>\n\n\n\n<p>\u201cEstamos cerrando fuerte este sexenio inaugurando obras; esta es una m\u00e1s que se suma al r\u00e9cord de infraestructura alcanzado en nuestro gobierno\u201d, destac\u00f3 al subrayar la importancia de dichas acciones en la consolidaci\u00f3n del desarrollo en la entidad.<\/p>\n\n\n\n<p>Posteriormente, acudi\u00f3 como invitado de honor al banderazo de inicio correspondiente a la modernizaci\u00f3n de la calle General Ignacio de la Llave e Ignacio Allende, entre Mariano Matamoros y Vicente Guerrero de la cabecera municipal. La v\u00eda, que actualmente es de piedra estibada, ser\u00e1 transformada en concreto hidr\u00e1ulico de color terracota con banquetas y guarniciones.<\/p>\n\n\n\n<p>Durante su gira de trabajo, Garc\u00eda Jim\u00e9nez, junto con el alcalde de Puente Nacional, Roberto Montiel Montiel, tambi\u00e9n inaugur\u00f3 la pavimentaci\u00f3n en concreto hidr\u00e1ulico con guarniciones, banquetas y alumbrado p\u00fablico de la calle que conecta con la Ex Hacienda de Varas, un compromiso hecho el a\u00f1o pasado y que hoy est\u00e1 cumplido.<\/p>\n\n\n\n<p>El proyecto est\u00e1 destinado a fortalecer el turismo en la regi\u00f3n por su relevancia hist\u00f3rica y es que el Ejecutivo expuso que el recinto fue la casa de descanso de Antonio L\u00f3pez de Santa Anna y un punto estrat\u00e9gico de vigilancia y control del tr\u00e1fico en el antiguo Camino Real Veracruz\u2013Ciudad de M\u00e9xico.<\/p>\n","protected":false},"excerpt":{"rendered":"<p>*Cierre del sexenio est\u00e1 dedicado a la entrega y apertura de importantes obras Soledad de Doblado, Ver., 04 de noviembre de 2024.-&nbsp;En respuesta a su compromiso con el desarrollo y la seguridad del estado, el gobernador Cuitl\u00e1huac Garc\u00eda Jim\u00e9nez entreg\u00f3 dos importantes obras de ampliaci\u00f3n y modernizaci\u00f3n de carreteras en concreto hidr\u00e1ulico, beneficiando a los&#8230;<\/p>\n","protected":false},"author":2,"featured_media":3299,"comment_status":"closed","ping_status":"","sticky":false,"template":"","format":"standard","meta":{"_jetpack_memberships_contains_paid_content":false,"footnotes":"","jetpack_publicize_message":"","jetpack_publicize_feature_enabled":true,"jetpack_social_post_already_shared":true,"jetpack_social_options":{"image_generator_settings":{"template":"highway","default_image_id":0,"font":"","enabled":false},"version":2}},"categories":[2],"tags":[],"class_list":["post-3298","post","type-post","status-publish","format-standard","has-post-thumbnail","hentry","category-gobiernoestatal"],"jetpack_publicize_connections":[],"jetpack_featured_media_url":"https:\/\/veracruzanosexcepcionahles.com\/wp-content\/uploads\/2024\/11\/CAMINO-LA-VEREDA-PUENTE-NACIONAL-1-scaled.jpeg","jetpack_sharing_enabled":true,"jetpack_likes_enabled":true,"jetpack_shortlink":"https:\/\/wp.me\/pe8dhK-Rc","_links":{"self":[{"href":"https:\/\/veracruzanosexcepcionahles.com\/index.php\/wp-json\/wp\/v2\/posts\/3298","targetHints":{"allow":["GET"]}}],"collection":[{"href":"https:\/\/veracruzanosexcepcionahles.com\/index.php\/wp-json\/wp\/v2\/posts"}],"about":[{"href":"https:\/\/veracruzanosexcepcionahles.com\/index.php\/wp-json\/wp\/v2\/types\/post"}],"author":[{"embeddable":true,"href":"https:\/\/veracruzanosexcepcionahles.com\/index.php\/wp-json\/wp\/v2\/users\/2"}],"replies":[{"embeddable":true,"href":"https:\/\/veracruzanosexcepcionahles.com\/index.php\/wp-json\/wp\/v2\/comments?post=3298"}],"version-history":[{"count":1,"href":"https:\/\/veracruzanosexcepcionahles.com\/index.php\/wp-json\/wp\/v2\/posts\/3298\/revisions"}],"predecessor-version":[{"id":3300,"href":"https:\/\/veracruzanosexcepcionahles.com\/index.php\/wp-json\/wp\/v2\/posts\/3298\/revisions\/3300"}],"wp:featuredmedia":[{"embeddable":true,"href":"https:\/\/veracruzanosexcepcionahles.com\/index.php\/wp-json\/wp\/v2\/media\/3299"}],"wp:attachment":[{"href":"https:\/\/veracruzanosexcepcionahles.com\/index.php\/wp-json\/wp\/v2\/media?parent=3298"}],"wp:term":[{"taxonomy":"category","embeddable":true,"href":"https:\/\/veracruzanosexcepcionahles.com\/index.php\/wp-json\/wp\/v2\/categories?post=3298"},{"taxonomy":"post_tag","embeddable":true,"href":"https:\/\/veracruzanosexcepcionahles.com\/index.php\/wp-json\/wp\/v2\/tags?post=3298"}],"curies":[{"name":"wp","href":"https:\/\/api.w.org\/{rel}","templated":true}]}}