{"id":3295,"date":"2024-11-04T23:02:47","date_gmt":"2024-11-05T05:02:47","guid":{"rendered":"https:\/\/veracruzanosexcepcionahles.com\/?p=3295"},"modified":"2024-11-04T23:02:47","modified_gmt":"2024-11-05T05:02:47","slug":"veracruz-a-la-vanguardia-en-inclusion-social-inaugura-gobernador-primera-playa-universal","status":"publish","type":"post","link":"https:\/\/veracruzanosexcepcionahles.com\/index.php\/2024\/11\/04\/veracruz-a-la-vanguardia-en-inclusion-social-inaugura-gobernador-primera-playa-universal\/","title":{"rendered":"Veracruz a la vanguardia en inclusi\u00f3n social, inaugura Gobernador primera playa universal"},"content":{"rendered":"\n<p><\/p>\n\n\n\n<p><em>*Equipo anfibio permitir\u00e1 a personas con discapacidad disfrutar de actividades acu\u00e1ticas<\/em><\/p>\n\n\n\n<p><strong>Boca del R\u00edo, Ver., 04 de noviembre de 2024.-<\/strong>&nbsp;Hacia la construcci\u00f3n de una sociedad m\u00e1s justa y equitativa, el gobernador Cuitl\u00e1huac Garc\u00eda Jim\u00e9nez junto con la directora del DIF estatal, Rebeca Quintanar Barcel\u00f3, inaugur\u00f3 la Playa Universal Mocambo, la primera en el estado en ser accesible para personas con alguna discapacidad sin excepci\u00f3n.<\/p>\n\n\n\n<p>La apertura de este recinto coloca a la entidad a la vanguardia, ya que es una de las pocas a nivel nacional en contar con un espacio de integraci\u00f3n plena enfocado en cualquier visitante que dese\u00e9 participar en actividades acu\u00e1ticas de forma segura en un marco de respeto e igualdad de recursos y oportunidades, un derecho fundamental universal.<\/p>\n\n\n\n<p>\u201cQueda una gran meta alcanzada y una base muy buena para continuar el trabajo. Aqu\u00ed no acaba la historia de la Cuarta Transformaci\u00f3n; en Veracruz procuramos estos espacios para todos, eso es la inclusi\u00f3n, todos y cada uno cuentan\u201d, expuso el mandatario al destacar que la cooperaci\u00f3n entre dependencias estatales y municipales fue clave en esta iniciativa.<\/p>\n\n\n\n<p>Independientemente de su edad o tipo de discapacidad, los asistentes disfrutar\u00e1n de la playa gracias al equipo anfibio donado por el Sistema Nacional DIF, cuya inversi\u00f3n fue de 760 mil pesos, dise\u00f1ado para facilitar el acceso al mar y la movilidad de los turistas, quienes adem\u00e1s ser\u00e1n apoyados por el personal administrativo y operativo capacitado en&nbsp;<em>Culturalizaci\u00f3n de la Discapacidad<\/em>.<\/p>\n\n\n\n<p>Lo anterior, sumado a los 5.5 millones de Gobierno del Estado destinados a la remodelaci\u00f3n de ba\u00f1os, la adecuaci\u00f3n de rampas de acceso, la reparaci\u00f3n de toboganes, luminarias, barda perimetral, bodega y restaurante del Balneario Mocambo, parte central de la obra.<\/p>\n\n\n\n<p>\u201cEste proyecto es mucho m\u00e1s que infraestructura, es s\u00edmbolo del compromiso que esta administraci\u00f3n tiene por la igualdad y el respeto a la diversidad. El equipo anfibio y las instalaciones adaptadas representan un cambio a la forma en la que entendemos la inclusi\u00f3n, el acceso universal a los derechos recreativos y al esparcimiento de personas con alguna discapacidad\u201d, enfatiz\u00f3 Quintanar Barcel\u00f3.<\/p>\n\n\n\n<p>Con estas acciones, el gobierno estatal marca un hito respecto al involucramiento y goce pleno de todas las personas que presentan una limitaci\u00f3n f\u00edsica, visual, auditiva, intelectual o psicosocial y refleja su deber por brindar bienestar a las familias veracruzanas.<\/p>\n","protected":false},"excerpt":{"rendered":"<p>*Equipo anfibio permitir\u00e1 a personas con discapacidad disfrutar de actividades acu\u00e1ticas Boca del R\u00edo, Ver., 04 de noviembre de 2024.-&nbsp;Hacia la construcci\u00f3n de una sociedad m\u00e1s justa y equitativa, el gobernador Cuitl\u00e1huac Garc\u00eda Jim\u00e9nez junto con la directora del DIF estatal, Rebeca Quintanar Barcel\u00f3, inaugur\u00f3 la Playa Universal Mocambo, la primera en el estado en&#8230;<\/p>\n","protected":false},"author":2,"featured_media":3296,"comment_status":"closed","ping_status":"","sticky":false,"template":"","format":"standard","meta":{"_jetpack_memberships_contains_paid_content":false,"footnotes":"","jetpack_publicize_message":"","jetpack_publicize_feature_enabled":true,"jetpack_social_post_already_shared":true,"jetpack_social_options":{"image_generator_settings":{"template":"highway","default_image_id":0,"font":"","enabled":false},"version":2}},"categories":[2],"tags":[],"class_list":["post-3295","post","type-post","status-publish","format-standard","has-post-thumbnail","hentry","category-gobiernoestatal"],"jetpack_publicize_connections":[],"jetpack_featured_media_url":"https:\/\/veracruzanosexcepcionahles.com\/wp-content\/uploads\/2024\/11\/WhatsApp-Image-2024-11-04-at-7.46.15-PM-2.jpeg","jetpack_sharing_enabled":true,"jetpack_likes_enabled":true,"jetpack_shortlink":"https:\/\/wp.me\/pe8dhK-R9","_links":{"self":[{"href":"https:\/\/veracruzanosexcepcionahles.com\/index.php\/wp-json\/wp\/v2\/posts\/3295","targetHints":{"allow":["GET"]}}],"collection":[{"href":"https:\/\/veracruzanosexcepcionahles.com\/index.php\/wp-json\/wp\/v2\/posts"}],"about":[{"href":"https:\/\/veracruzanosexcepcionahles.com\/index.php\/wp-json\/wp\/v2\/types\/post"}],"author":[{"embeddable":true,"href":"https:\/\/veracruzanosexcepcionahles.com\/index.php\/wp-json\/wp\/v2\/users\/2"}],"replies":[{"embeddable":true,"href":"https:\/\/veracruzanosexcepcionahles.com\/index.php\/wp-json\/wp\/v2\/comments?post=3295"}],"version-history":[{"count":1,"href":"https:\/\/veracruzanosexcepcionahles.com\/index.php\/wp-json\/wp\/v2\/posts\/3295\/revisions"}],"predecessor-version":[{"id":3297,"href":"https:\/\/veracruzanosexcepcionahles.com\/index.php\/wp-json\/wp\/v2\/posts\/3295\/revisions\/3297"}],"wp:featuredmedia":[{"embeddable":true,"href":"https:\/\/veracruzanosexcepcionahles.com\/index.php\/wp-json\/wp\/v2\/media\/3296"}],"wp:attachment":[{"href":"https:\/\/veracruzanosexcepcionahles.com\/index.php\/wp-json\/wp\/v2\/media?parent=3295"}],"wp:term":[{"taxonomy":"category","embeddable":true,"href":"https:\/\/veracruzanosexcepcionahles.com\/index.php\/wp-json\/wp\/v2\/categories?post=3295"},{"taxonomy":"post_tag","embeddable":true,"href":"https:\/\/veracruzanosexcepcionahles.com\/index.php\/wp-json\/wp\/v2\/tags?post=3295"}],"curies":[{"name":"wp","href":"https:\/\/api.w.org\/{rel}","templated":true}]}}