{"id":3200,"date":"2024-10-15T13:14:50","date_gmt":"2024-10-15T19:14:50","guid":{"rendered":"https:\/\/veracruzanosexcepcionahles.com\/?p=3200"},"modified":"2024-10-15T13:14:50","modified_gmt":"2024-10-15T19:14:50","slug":"revisara-gobierno-de-mexico-situacion-de-aeropuerto-tajin-responde-claudia-sheinbaum","status":"publish","type":"post","link":"https:\/\/veracruzanosexcepcionahles.com\/index.php\/2024\/10\/15\/revisara-gobierno-de-mexico-situacion-de-aeropuerto-tajin-responde-claudia-sheinbaum\/","title":{"rendered":"REVISAR\u00c1 GOBIERNO DE M\u00c9XICO SITUACI\u00d3N DE AEROPUERTO TAJ\u00cdN RESPONDE CLAUDIA SHEINBAUM"},"content":{"rendered":"\n<p><\/p>\n\n\n\n<blockquote class=\"wp-block-quote is-layout-flow wp-block-quote-is-layout-flow\">\n<p>El gobierno de M\u00e9xico desarrollar\u00e1 y ampliar\u00e1 terminales aeroportuarias pendientes como la de Tamu\u00edn en San Luis Potos\u00ed.<br>El aeropuerto Taj\u00edn fue cerrado en febrero de este a\u00f1o.<\/p>\n<\/blockquote>\n\n\n\n<p>Ciudad de M\u00e9xico, martes 15 de octubre de 2024.- Tras siete meses de que el aeropuerto \u201cTaj\u00edn\u201d ubicado en el municipio de Tihuatl\u00e1n, cerr\u00f3 nuevamente sus operaciones, la presidenta de M\u00e9xico, Claudia Sheinbaum Pardo fue cuestionada respecto a un eventual proyecto de su administraci\u00f3n para la reactivaci\u00f3n de la terminal aeroportuaria que daba servicio a la zona norte del estado de Veracruz a lo que la mandataria respondi\u00f3 que la situaci\u00f3n del mismo ser\u00e1 evaluada.<\/p>\n\n\n\n<p>Ante el desarrollo comercial, industrial y carretero que se proyecta para el norte de Veracruz por parte de su gobierno y el de la ejecutiva electa, Roc\u00edo Nahle Garc\u00eda, quien entrar\u00e1 en funciones el pr\u00f3ximo 1 de diciembre,<br>la conectividad a\u00e9rea jugar\u00e1 un papel muy importante.<\/p>\n\n\n\n<p>Claudia Sheinbaum se comprometi\u00f3 a revisar el caso y al mismo tiempo explic\u00f3 que su gobierno s\u00ed desarrollar\u00e1 aeropuertos, proyectos incluso, que quedaron pendientes del sexenio anterior.<\/p>\n\n\n\n<p>Ejemplo de ello es la ampliaci\u00f3n del aeropuerto nacional de Tamu\u00edn, en San Luis Potos\u00ed, el retraso, explic\u00f3 Sheinbaum Pardo, se dio por un asunto de propiedad de tierras.<\/p>\n\n\n\n<p>\u201cY revisamos lo del aeropuerto, no lo tenemos ahora en las \u2026el pr\u00f3ximo a\u00f1o vamos a iniciar con el aeropuerto de Tamuin en la Huasteca potosina, este es un proyecto que lo quer\u00eda hacer el presidente L\u00f3pez Obrador, se retras\u00f3 porque no se ten\u00eda la propiedad de la tierra, se compr\u00f3, ya se tiene y ahora nos va a tocar desarrollarlo para el desarrollo de esa zona riqu\u00edsima en recursos naturales y tur\u00edstica de nuestro pa\u00eds y que hoy no tiene esa posibilidad y revisamos el del Taj\u00edn\u201d, respondi\u00f3.<\/p>\n\n\n\n<p>Luego de cuatro a\u00f1os cerrado, en diciembre de 2023 el aeropuerto Taj\u00edn abri\u00f3 a vuelos comerciales solo para volver a cerrar en febrero de este 2024.<\/p>\n\n\n\n<p>La empresa que operaba los vuelos es Aerus, que durante la reapertura present\u00f3 incluso un proyecto a mediano plazo donde habr\u00eda m\u00e1s rutas y aviones, pero no prosper\u00f3.<\/p>\n\n\n\n<p>Oper\u00f3 en dos meses de actividad vuelos a Villahermosa, a Reynosa, a Veracruz y a Tampico.<\/p>\n","protected":false},"excerpt":{"rendered":"<p>El gobierno de M\u00e9xico desarrollar\u00e1 y ampliar\u00e1 terminales aeroportuarias pendientes como la de Tamu\u00edn en San Luis Potos\u00ed.El aeropuerto Taj\u00edn fue cerrado en febrero de este a\u00f1o. Ciudad de M\u00e9xico, martes 15 de octubre de 2024.- Tras siete meses de que el aeropuerto \u201cTaj\u00edn\u201d ubicado en el municipio de Tihuatl\u00e1n, cerr\u00f3 nuevamente sus operaciones, la&#8230;<\/p>\n","protected":false},"author":2,"featured_media":3201,"comment_status":"closed","ping_status":"","sticky":false,"template":"","format":"standard","meta":{"_jetpack_memberships_contains_paid_content":false,"footnotes":"","jetpack_publicize_message":"","jetpack_publicize_feature_enabled":true,"jetpack_social_post_already_shared":true,"jetpack_social_options":{"image_generator_settings":{"template":"highway","default_image_id":0,"font":"","enabled":false},"version":2}},"categories":[3],"tags":[],"class_list":["post-3200","post","type-post","status-publish","format-standard","has-post-thumbnail","hentry","category-politica"],"jetpack_publicize_connections":[],"jetpack_featured_media_url":"https:\/\/veracruzanosexcepcionahles.com\/wp-content\/uploads\/2024\/10\/ertyu7y6.jpg","jetpack_sharing_enabled":true,"jetpack_likes_enabled":true,"jetpack_shortlink":"https:\/\/wp.me\/pe8dhK-PC","_links":{"self":[{"href":"https:\/\/veracruzanosexcepcionahles.com\/index.php\/wp-json\/wp\/v2\/posts\/3200","targetHints":{"allow":["GET"]}}],"collection":[{"href":"https:\/\/veracruzanosexcepcionahles.com\/index.php\/wp-json\/wp\/v2\/posts"}],"about":[{"href":"https:\/\/veracruzanosexcepcionahles.com\/index.php\/wp-json\/wp\/v2\/types\/post"}],"author":[{"embeddable":true,"href":"https:\/\/veracruzanosexcepcionahles.com\/index.php\/wp-json\/wp\/v2\/users\/2"}],"replies":[{"embeddable":true,"href":"https:\/\/veracruzanosexcepcionahles.com\/index.php\/wp-json\/wp\/v2\/comments?post=3200"}],"version-history":[{"count":1,"href":"https:\/\/veracruzanosexcepcionahles.com\/index.php\/wp-json\/wp\/v2\/posts\/3200\/revisions"}],"predecessor-version":[{"id":3202,"href":"https:\/\/veracruzanosexcepcionahles.com\/index.php\/wp-json\/wp\/v2\/posts\/3200\/revisions\/3202"}],"wp:featuredmedia":[{"embeddable":true,"href":"https:\/\/veracruzanosexcepcionahles.com\/index.php\/wp-json\/wp\/v2\/media\/3201"}],"wp:attachment":[{"href":"https:\/\/veracruzanosexcepcionahles.com\/index.php\/wp-json\/wp\/v2\/media?parent=3200"}],"wp:term":[{"taxonomy":"category","embeddable":true,"href":"https:\/\/veracruzanosexcepcionahles.com\/index.php\/wp-json\/wp\/v2\/categories?post=3200"},{"taxonomy":"post_tag","embeddable":true,"href":"https:\/\/veracruzanosexcepcionahles.com\/index.php\/wp-json\/wp\/v2\/tags?post=3200"}],"curies":[{"name":"wp","href":"https:\/\/api.w.org\/{rel}","templated":true}]}}