{"id":3089,"date":"2024-10-07T13:21:22","date_gmt":"2024-10-07T19:21:22","guid":{"rendered":"https:\/\/veracruzanosexcepcionahles.com\/?p=3089"},"modified":"2024-10-07T13:21:22","modified_gmt":"2024-10-07T19:21:22","slug":"respalda-veracruz-coordinacion-con-fuerzas-federales-recibe-nuevo-mando-militar","status":"publish","type":"post","link":"https:\/\/veracruzanosexcepcionahles.com\/index.php\/2024\/10\/07\/respalda-veracruz-coordinacion-con-fuerzas-federales-recibe-nuevo-mando-militar\/","title":{"rendered":"Respalda Veracruz coordinaci\u00f3n con fuerzas federales; recibe nuevo mando militar  \u00a0"},"content":{"rendered":"<p><b><span lang=\"ES\">Tuxpan, Ver., 07 de octubre de 2024.-<\/span><\/b><span lang=\"ES\">\u00a0La transici\u00f3n hacia un nuevo ciclo de gobierno exige el esfuerzo conjunto de entidad y Federaci\u00f3n para consolidar la seguridad y garantizar la paz y bienestar de la poblaci\u00f3n; en ese contexto, el gobernador Cuitl\u00e1huac Garc\u00eda Jim\u00e9nez asisti\u00f3 a la toma de posesi\u00f3n del General Jorge Antonio Maldonado Guevara, en la 19\/a Zona Militar.<\/span><\/p>\n<p><span lang=\"ES\">\u00a0<\/span><\/p>\n<p><span lang=\"ES\">El mandatario particip\u00f3 en la protesta de bandera del ahora comandante, celebrando la coordinaci\u00f3n entre las Fuerzas Armadas y autoridades civiles en un momento clave para la transformaci\u00f3n que M\u00e9xico y Veracruz ya han comenzado; cooperaci\u00f3n que viene acompa\u00f1ada del compromiso por fortalecer las instituciones y afianzar los resultados obtenidos en los \u00faltimos a\u00f1os.<\/span><\/p>\n<p><span lang=\"ES\">\u00a0<\/span><\/p>\n<p><span lang=\"ES\">Maldonado Guevara tiene una destacada trayectoria en el Ej\u00e9rcito, siendo jefe de Estado Mayor de la 30\/a Zona Militar en Villahermosa, comandante del 9\/o Regimiento de Caballer\u00eda en Ciudad Ju\u00e1rez, jefe de la subsecci\u00f3n de Operaciones de la Secci\u00f3n 3\/a de Estado Mayor Conjunto de la Defensa Nacional y director de la Escuela Militar de Log\u00edstica y Escuela Militar de Sargentos.<\/span><\/p>\n<p><span lang=\"ES\">\u00a0<\/span><\/p>\n<p><span lang=\"ES\">Tambi\u00e9n fue jefe de la Secci\u00f3n Primera de Recursos Humanos en el Estado Mayor Conjunto de la Defensa Nacional, agregado militar y a\u00e9reo en B\u00e9lgica y Pa\u00edses Bajos, director del Heroico Colegio Militar y comandante de la Guarnici\u00f3n Militar de Matamoros y la 24\/a Zona Militar en Cuernavaca.<\/span><\/p>\n<p><span lang=\"ES\">\u00a0<\/span><\/p>\n<p><span lang=\"ES\">Adem\u00e1s se desempe\u00f1\u00f3 en los cuarteles de la 14\/a Zona Militar en Aguascalientes, la III Regi\u00f3n Militar en Mazatl\u00e1n, Secci\u00f3n 11 de Educaci\u00f3n y Cultura del Estado Mayor de la Defensa Nacional y en la 7\/a Zona Militar en Monterrey. En la ceremonia se dieron cita los integrantes de la Coordinaci\u00f3n Estatal para la Construcci\u00f3n de la Paz y el presidente municipal de Tuxpan, Jos\u00e9 Manuel Pozos Castro.<\/span><\/p>\n","protected":false},"excerpt":{"rendered":"<p>Tuxpan, Ver., 07 de octubre de 2024.-\u00a0La transici\u00f3n hacia un nuevo ciclo de gobierno exige el esfuerzo conjunto de entidad y Federaci\u00f3n para consolidar la seguridad y garantizar la paz y bienestar de la poblaci\u00f3n; en ese contexto, el gobernador Cuitl\u00e1huac Garc\u00eda Jim\u00e9nez asisti\u00f3 a la toma de posesi\u00f3n del General Jorge Antonio Maldonado Guevara,&#8230;<\/p>\n","protected":false},"author":2,"featured_media":3090,"comment_status":"closed","ping_status":"closed","sticky":false,"template":"","format":"standard","meta":{"_jetpack_memberships_contains_paid_content":false,"footnotes":"","jetpack_publicize_message":"","jetpack_publicize_feature_enabled":true,"jetpack_social_post_already_shared":true,"jetpack_social_options":{"image_generator_settings":{"template":"highway","default_image_id":0,"font":"","enabled":false},"version":2}},"categories":[2],"tags":[],"class_list":["post-3089","post","type-post","status-publish","format-standard","has-post-thumbnail","hentry","category-gobiernoestatal"],"jetpack_publicize_connections":[],"jetpack_featured_media_url":"https:\/\/veracruzanosexcepcionahles.com\/wp-content\/uploads\/2024\/10\/NUEVO-MANDO-TUXPAN-1-scaled.jpeg","jetpack_sharing_enabled":true,"jetpack_likes_enabled":true,"jetpack_shortlink":"https:\/\/wp.me\/pe8dhK-NP","_links":{"self":[{"href":"https:\/\/veracruzanosexcepcionahles.com\/index.php\/wp-json\/wp\/v2\/posts\/3089","targetHints":{"allow":["GET"]}}],"collection":[{"href":"https:\/\/veracruzanosexcepcionahles.com\/index.php\/wp-json\/wp\/v2\/posts"}],"about":[{"href":"https:\/\/veracruzanosexcepcionahles.com\/index.php\/wp-json\/wp\/v2\/types\/post"}],"author":[{"embeddable":true,"href":"https:\/\/veracruzanosexcepcionahles.com\/index.php\/wp-json\/wp\/v2\/users\/2"}],"replies":[{"embeddable":true,"href":"https:\/\/veracruzanosexcepcionahles.com\/index.php\/wp-json\/wp\/v2\/comments?post=3089"}],"version-history":[{"count":1,"href":"https:\/\/veracruzanosexcepcionahles.com\/index.php\/wp-json\/wp\/v2\/posts\/3089\/revisions"}],"predecessor-version":[{"id":3091,"href":"https:\/\/veracruzanosexcepcionahles.com\/index.php\/wp-json\/wp\/v2\/posts\/3089\/revisions\/3091"}],"wp:featuredmedia":[{"embeddable":true,"href":"https:\/\/veracruzanosexcepcionahles.com\/index.php\/wp-json\/wp\/v2\/media\/3090"}],"wp:attachment":[{"href":"https:\/\/veracruzanosexcepcionahles.com\/index.php\/wp-json\/wp\/v2\/media?parent=3089"}],"wp:term":[{"taxonomy":"category","embeddable":true,"href":"https:\/\/veracruzanosexcepcionahles.com\/index.php\/wp-json\/wp\/v2\/categories?post=3089"},{"taxonomy":"post_tag","embeddable":true,"href":"https:\/\/veracruzanosexcepcionahles.com\/index.php\/wp-json\/wp\/v2\/tags?post=3089"}],"curies":[{"name":"wp","href":"https:\/\/api.w.org\/{rel}","templated":true}]}}