{"id":3086,"date":"2024-10-06T23:21:12","date_gmt":"2024-10-07T05:21:12","guid":{"rendered":"https:\/\/veracruzanosexcepcionahles.com\/?p=3086"},"modified":"2024-10-06T23:21:12","modified_gmt":"2024-10-07T05:21:12","slug":"alcalde-de-tuxpan-a-subsecretaria-de-gobierno","status":"publish","type":"post","link":"https:\/\/veracruzanosexcepcionahles.com\/index.php\/2024\/10\/06\/alcalde-de-tuxpan-a-subsecretaria-de-gobierno\/","title":{"rendered":"ALCALDE DE TUXPAN A SUBSECRETARIA DE GOBIERNO"},"content":{"rendered":"<p>&gt;Rinde ejecutiva electa homenaje a Ifigenia Mart\u00ednez.<br \/>\n&gt;De Poza Rica es originaria la pr\u00f3xima secretaria de Sedema, Luz Mariela Zaleta Mendoza y Raquel Bonilla, senadora suplente de la siguiente titular de la SEV, Claudia Tello Espinosa.<\/p>\n<p>Poza Rica de Hidalgo, Ver., domingo 06 de octubre de 2024.- Veracruz goza de estabilidad pol\u00edtica y as\u00ed continuaremos con el gran trabajo que se har\u00e1 en mi administraci\u00f3n en materia de pol\u00edtica interna con Ricardo Ahued Bardahuil en la titularidad de la Secretar\u00eda de Gobierno y con Jos\u00e9 Manuel Pozos Castro, actual alcalde de Tuxpan, en la subsecretar\u00eda de Gobierno, anunci\u00f3 la gobernadora electa de Veracruz, Roc\u00edo Nahle Garc\u00eda.<\/p>\n<p>En la \u201cGira de Agradecimiento\u201d que hizo en este municipio, destac\u00f3 el gran trabajo hecho a favor de la transformaci\u00f3n por Pozos Castro, primero como diputado local y posteriormente como alcalde de Tuxpan, cargo del que solicitar\u00e1 licencia una vez que inicie el sexenio entrante.<\/p>\n<p>\u201cAqu\u00ed est\u00e1 nuestro alcalde de Tuxpan, Jos\u00e9 Manuel Pozos, les voy a dar una primicia ya que estoy aqu\u00ed en la zona norte, el alcalde le pedimos que nos ayude a ser subsecretario de Gobierno junto con Ahued, deja Tuxpan y se va al Gobierno\u201d, anunci\u00f3.<\/p>\n<p>Roc\u00edo Nahle destac\u00f3 que el relevo en la presidencia de la Rep\u00fablica, de Andr\u00e9s Manuel L\u00f3pez Obrador a Claudia Sheinbaum Pardo, un relevo terso y armonioso, se repetir\u00e1 en Veracruz donde la coordinaci\u00f3n y continuidad est\u00e1n garantizados.<\/p>\n<p>En Veracruz, subray\u00f3, al igual que a nivel federal, la entrega-recepci\u00f3n y la transici\u00f3n ser\u00e1 con paz y di\u00e1logo permanente con el mandatario saliente, Cuitl\u00e1huac Garc\u00eda Jim\u00e9nez.<\/p>\n<p>\u201cHoy Veracruz tiene estabilidad pol\u00edtica, somos el estado con mayor estabilidad pol\u00edtica, una transici\u00f3n en paz, de di\u00e1logo, de revisi\u00f3n, con dos compa\u00f1eros, tanto Cuitlahuac como una servidora que hemos caminado, vamos bien\u201d, explic\u00f3.<\/p>\n<p>En esta asamblea informativa, la ejecutiva electa solicit\u00f3 un minuto de silencio como reconocimiento post mortem a Efigenia Mart\u00ednez, referente de la izquierda mexicana, quien falleci\u00f3 este s\u00e1bado.<\/p>\n<p>\u201cNos dej\u00f3 una compa\u00f1era, la primera mujer de izquierda de este pa\u00eds, la maestra Ifigenia Mart\u00ednez, hoy se nos adelant\u00f3, hace unos d\u00edas, ella fue la encargada hasta su \u00faltimo aliento de poner la banda presidencial a la primera presidenta de M\u00e9xico por lo que voy a pedir aqu\u00ed a todos ustedes que podamos ponernos de pie, descubrirnos la cabeza, y vamos a contar un minuto de silencio como un honor, honrar a la maestra Efigenia, una gran mexicana, una gran patriota, Veracruz desde esta zona tan querida que es Poza Rica\u2026\u00a1hasta siempre Efigenia, muchas gracias compa\u00f1eros!\u201di<\/p>\n","protected":false},"excerpt":{"rendered":"<p>&gt;Rinde ejecutiva electa homenaje a Ifigenia Mart\u00ednez. &gt;De Poza Rica es originaria la pr\u00f3xima secretaria de Sedema, Luz Mariela Zaleta Mendoza y Raquel Bonilla, senadora suplente de la siguiente titular de la SEV, Claudia Tello Espinosa. Poza Rica de Hidalgo, Ver., domingo 06 de octubre de 2024.- Veracruz goza de estabilidad pol\u00edtica y as\u00ed continuaremos&#8230;<\/p>\n","protected":false},"author":2,"featured_media":3087,"comment_status":"closed","ping_status":"closed","sticky":false,"template":"","format":"standard","meta":{"_jetpack_memberships_contains_paid_content":false,"footnotes":"","jetpack_publicize_message":"","jetpack_publicize_feature_enabled":true,"jetpack_social_post_already_shared":true,"jetpack_social_options":{"image_generator_settings":{"template":"highway","default_image_id":0,"font":"","enabled":false},"version":2}},"categories":[23],"tags":[],"class_list":["post-3086","post","type-post","status-publish","format-standard","has-post-thumbnail","hentry","category-actividadesnahle"],"jetpack_publicize_connections":[],"jetpack_featured_media_url":"https:\/\/veracruzanosexcepcionahles.com\/wp-content\/uploads\/2024\/10\/WhatsApp-Image-2024-10-06-at-2.29.34-PM.jpeg","jetpack_sharing_enabled":true,"jetpack_likes_enabled":true,"jetpack_shortlink":"https:\/\/wp.me\/pe8dhK-NM","_links":{"self":[{"href":"https:\/\/veracruzanosexcepcionahles.com\/index.php\/wp-json\/wp\/v2\/posts\/3086","targetHints":{"allow":["GET"]}}],"collection":[{"href":"https:\/\/veracruzanosexcepcionahles.com\/index.php\/wp-json\/wp\/v2\/posts"}],"about":[{"href":"https:\/\/veracruzanosexcepcionahles.com\/index.php\/wp-json\/wp\/v2\/types\/post"}],"author":[{"embeddable":true,"href":"https:\/\/veracruzanosexcepcionahles.com\/index.php\/wp-json\/wp\/v2\/users\/2"}],"replies":[{"embeddable":true,"href":"https:\/\/veracruzanosexcepcionahles.com\/index.php\/wp-json\/wp\/v2\/comments?post=3086"}],"version-history":[{"count":1,"href":"https:\/\/veracruzanosexcepcionahles.com\/index.php\/wp-json\/wp\/v2\/posts\/3086\/revisions"}],"predecessor-version":[{"id":3088,"href":"https:\/\/veracruzanosexcepcionahles.com\/index.php\/wp-json\/wp\/v2\/posts\/3086\/revisions\/3088"}],"wp:featuredmedia":[{"embeddable":true,"href":"https:\/\/veracruzanosexcepcionahles.com\/index.php\/wp-json\/wp\/v2\/media\/3087"}],"wp:attachment":[{"href":"https:\/\/veracruzanosexcepcionahles.com\/index.php\/wp-json\/wp\/v2\/media?parent=3086"}],"wp:term":[{"taxonomy":"category","embeddable":true,"href":"https:\/\/veracruzanosexcepcionahles.com\/index.php\/wp-json\/wp\/v2\/categories?post=3086"},{"taxonomy":"post_tag","embeddable":true,"href":"https:\/\/veracruzanosexcepcionahles.com\/index.php\/wp-json\/wp\/v2\/tags?post=3086"}],"curies":[{"name":"wp","href":"https:\/\/api.w.org\/{rel}","templated":true}]}}