{"id":3079,"date":"2024-10-06T23:15:32","date_gmt":"2024-10-07T05:15:32","guid":{"rendered":"https:\/\/veracruzanosexcepcionahles.com\/?p=3079"},"modified":"2024-10-06T23:15:32","modified_gmt":"2024-10-07T05:15:32","slug":"eric-dominguez-subsecretario-de-finanzas-y-maria-luisa-santes-a-subsecretaria-de-cultura-informa-rocio-nahle","status":"publish","type":"post","link":"https:\/\/veracruzanosexcepcionahles.com\/index.php\/2024\/10\/06\/eric-dominguez-subsecretario-de-finanzas-y-maria-luisa-santes-a-subsecretaria-de-cultura-informa-rocio-nahle\/","title":{"rendered":"ERIC DOM\u00cdNGUEZ SUBSECRETARIO DE FINANZAS Y MAR\u00cdA LUISA SANTES A SUBSECRETARIA DE CULTURA INFORMA ROC\u00cdO NAHLE"},"content":{"rendered":"<p>Papantla de Olarte, Ver., domingo 06 de octubre de 2024.- El alcalde de Papantla, Eric Dom\u00ednguez V\u00e1zquez asumir\u00e1 en unos meses la subsecretar\u00eda de Administraci\u00f3n y Finanzas de la Sefiplan mientras que en la subsecretar\u00eda de Cultura ser\u00e1 nombrada la actual Directora General de Asuntos Ind\u00edgenas del Gobierno del Estado, Mar\u00eda Luisa Santes Santes, dio a conocer la gobernadora electa de Veracruz, Roc\u00edo Nahle Garc\u00eda.<\/p>\n<p>Dijo que en finanzas hay cuatro subsecretar\u00edas, dos de las cuales ya tienen titular.<\/p>\n<p>En la subsecretaria de Egresos nombr\u00f3 a Pedro Miguel Rosaldo y este domingo, anunci\u00f3 a Eric Dom\u00ednguez V\u00e1zquez como subsecretario de Administraci\u00f3n y Finanzas de Sefiplan.<\/p>\n<p>Hace unas semanas, Nahle Garc\u00eda inform\u00f3 que Jos\u00e9 Luis Lima Franco ser\u00e1 ratificado como Secretario de Finanzas y Paneaci\u00f3n del Gobierno de Veracruz.<\/p>\n<p>Asimismo, inform\u00f3 que la pr\u00f3xima subsecretaria de Cultura estatal ser\u00e1 Mar\u00eda Luisa Santes Santes quien hoy funge como Directora General de Asuntos Ind\u00edgenas del Gobierno del Estado.<\/p>\n<p>Acompa\u00f1ar\u00e1 en este ejercicio a la siguiente titular de la Secretar\u00eda de Cultura de la entidad, X\u00f3chitl Molina, tambi\u00e9n anunciada fechas atr\u00e1s por la ejecutiva electa.<\/p>\n","protected":false},"excerpt":{"rendered":"<p>Papantla de Olarte, Ver., domingo 06 de octubre de 2024.- El alcalde de Papantla, Eric Dom\u00ednguez V\u00e1zquez asumir\u00e1 en unos meses la subsecretar\u00eda de Administraci\u00f3n y Finanzas de la Sefiplan mientras que en la subsecretar\u00eda de Cultura ser\u00e1 nombrada la actual Directora General de Asuntos Ind\u00edgenas del Gobierno del Estado, Mar\u00eda Luisa Santes Santes, dio&#8230;<\/p>\n","protected":false},"author":2,"featured_media":3080,"comment_status":"closed","ping_status":"closed","sticky":false,"template":"","format":"standard","meta":{"_jetpack_memberships_contains_paid_content":false,"footnotes":"","jetpack_publicize_message":"","jetpack_publicize_feature_enabled":true,"jetpack_social_post_already_shared":true,"jetpack_social_options":{"image_generator_settings":{"template":"highway","default_image_id":0,"font":"","enabled":false},"version":2}},"categories":[23],"tags":[],"class_list":["post-3079","post","type-post","status-publish","format-standard","has-post-thumbnail","hentry","category-actividadesnahle"],"jetpack_publicize_connections":[],"jetpack_featured_media_url":"https:\/\/veracruzanosexcepcionahles.com\/wp-content\/uploads\/2024\/10\/WhatsApp-Image-2024-10-06-at-6.42.36-PM.jpeg","jetpack_sharing_enabled":true,"jetpack_likes_enabled":true,"jetpack_shortlink":"https:\/\/wp.me\/pe8dhK-NF","_links":{"self":[{"href":"https:\/\/veracruzanosexcepcionahles.com\/index.php\/wp-json\/wp\/v2\/posts\/3079","targetHints":{"allow":["GET"]}}],"collection":[{"href":"https:\/\/veracruzanosexcepcionahles.com\/index.php\/wp-json\/wp\/v2\/posts"}],"about":[{"href":"https:\/\/veracruzanosexcepcionahles.com\/index.php\/wp-json\/wp\/v2\/types\/post"}],"author":[{"embeddable":true,"href":"https:\/\/veracruzanosexcepcionahles.com\/index.php\/wp-json\/wp\/v2\/users\/2"}],"replies":[{"embeddable":true,"href":"https:\/\/veracruzanosexcepcionahles.com\/index.php\/wp-json\/wp\/v2\/comments?post=3079"}],"version-history":[{"count":1,"href":"https:\/\/veracruzanosexcepcionahles.com\/index.php\/wp-json\/wp\/v2\/posts\/3079\/revisions"}],"predecessor-version":[{"id":3081,"href":"https:\/\/veracruzanosexcepcionahles.com\/index.php\/wp-json\/wp\/v2\/posts\/3079\/revisions\/3081"}],"wp:featuredmedia":[{"embeddable":true,"href":"https:\/\/veracruzanosexcepcionahles.com\/index.php\/wp-json\/wp\/v2\/media\/3080"}],"wp:attachment":[{"href":"https:\/\/veracruzanosexcepcionahles.com\/index.php\/wp-json\/wp\/v2\/media?parent=3079"}],"wp:term":[{"taxonomy":"category","embeddable":true,"href":"https:\/\/veracruzanosexcepcionahles.com\/index.php\/wp-json\/wp\/v2\/categories?post=3079"},{"taxonomy":"post_tag","embeddable":true,"href":"https:\/\/veracruzanosexcepcionahles.com\/index.php\/wp-json\/wp\/v2\/tags?post=3079"}],"curies":[{"name":"wp","href":"https:\/\/api.w.org\/{rel}","templated":true}]}}