{"id":3001,"date":"2024-09-27T16:01:10","date_gmt":"2024-09-27T22:01:10","guid":{"rendered":"https:\/\/veracruzanosexcepcionahles.com\/?p=3001"},"modified":"2024-09-27T16:01:10","modified_gmt":"2024-09-27T22:01:10","slug":"orden-y-limpieza-compromiso-social-con-continuidad-afirma-rocio-nahle","status":"publish","type":"post","link":"https:\/\/veracruzanosexcepcionahles.com\/index.php\/2024\/09\/27\/orden-y-limpieza-compromiso-social-con-continuidad-afirma-rocio-nahle\/","title":{"rendered":"\u201cORDEN Y LIMPIEZA\u201d, COMPROMISO SOCIAL CON CONTINUIDAD AFIRMA ROC\u00cdO NAHLE"},"content":{"rendered":"<p>&gt;El compromiso con nuestro medio ambiente es de todos, asegur\u00f3 Roc\u00edo Nahle Garc\u00eda.<br \/>\n&gt;Reconoci\u00f3 al presidente Andr\u00e9s Manuel L\u00f3pez Obrador y a la titular de Semarnat, Mar\u00eda Luisa Albores Gonz\u00e1lez.<br \/>\n&gt;Aplaudi\u00f3 el esfuerzo del gobierno federal, del gobernador Cuitl\u00e1huac Garc\u00eda Jim\u00e9nez y de los Ayuntamientos de Minatitl\u00e1n, Cosoleacaque y Coatzacoalcos.<\/p>\n<p>Las Matas, Minatitl\u00e1n, Ver., viernes 27 de septiembre de 2024.- Con el programa estatal \u201cOrden y Limpieza\u201d que se habilitar\u00e1 en los 212 municipios veracruzanos con apoyo de mi gobierno y la participaci\u00f3n ciudadana, daremos continuidad al saneamiento ambiental de zonas protegidas como Las Matas, cuyo rescate marca un hito en la historia de la ingenier\u00eda ambiental, afirm\u00f3 la gobernadora electa de Veracruz, Roc\u00edo Nahle Garc\u00eda.<\/p>\n<p>Asegur\u00f3 que el saneamiento del antiguo tiradero a cielo abierto de esta comunidad que por m\u00e1s de 25 a\u00f1os contamin\u00f3 y que hoy, con el esfuerzo de los tres niveles de gobierno pudo concretarse, es un ejemplo de lo que puede lograrse con voluntad pol\u00edtica y la participaci\u00f3n de todos.<\/p>\n<p>\u201cEs importante que iniciemos desde nuestra casa con la separaci\u00f3n de la basura, desde nuestra casa a generar menos basura, con las campa\u00f1as que vamos a iniciar de orden y limpieza en los 212 municipios, incluye eso, desde nuestro hogar, desde nuestro negocio, cuidar la basura, separarla, y hacerle el trabajo m\u00e1s sencillo a los Ayuntamientos, a quienes manejan los residuos\u201d, puntualiz\u00f3.<\/p>\n<p>Por instrucci\u00f3n del presidente Andr\u00e9s Manuel L\u00f3pez Obrador, Mar\u00eda Luisa Albores Gonz\u00e1lez, Secretaria de Medio Ambiente y<br \/>\nRecursos Naturales, dedic\u00f3 la segunda parte del sexenio a cerrar y transformar estas 26 hect\u00e1reas as\u00ed como a crear lo que ser\u00e1 el pr\u00f3ximo Centro de Educaci\u00f3n Ambiental \u201cUtop\u00edas Floreciendo\u201d, tambi\u00e9n presentado este d\u00eda.<\/p>\n<p>Roc\u00edo Nahle Garc\u00eda, reconoci\u00f3 tambi\u00e9n el esfuerzo del gobernador Cuitl\u00e1huac Garc\u00eda Jim\u00e9nez, y de los alcaldes de la regi\u00f3n quienes puntualmente intervinieron para que este proyecto sea una realidad.<\/p>\n<p>\u201cEra una deuda ambiental que se ten\u00eda en esta zona y que en 20 a\u00f1os, en una forma irresponsable se dej\u00f3 crecer esto hasta llegar a convertir en un un basurero de los m\u00e1s grandes de Am\u00e9rica Latina y de M\u00e9xico por supuesto, hoy con estas acciones que el presidente Andr\u00e9s Manuel L\u00f3pez Obrador se comprometi\u00f3 con todos los veracruzanos y veracruzanas, el apoyo de nuestro gobernador Cuitlahuac Garc\u00eda, por supuesto el gran trabajo de la secretaria Albores esto es una realidad y vamos a continuar con este trabajo, eso es lo m\u00e1s importante, tenemos que continuar con el mantenimiento de este trabajo porque hoy todo se desarrolla en una forma sustentable, hoy cualquier actividad en el mundo se mide bajo un impacto ambiental\u201d, subray\u00f3.<\/p>\n<p>En Las Matas, se recib\u00edan diariamente 573 toneladas diarias provenientes de los municipios de Cosoleacaque, Minatitl\u00e1n y Coatzacoalcos y ahora se pondr\u00e1 en marcha un programa de monitoreo para evaluar la recuperaci\u00f3n ambiental de los humedales que aqu\u00ed yacen as\u00ed como la liberaci\u00f3n de l\u00edneas de alta tensi\u00f3n que dotan de energ\u00eda el\u00e9ctrica a las presas del sureste y ductos pertenecientes a Petr\u00f3leos Mexicanos.<\/p>\n<p>Las autoridades presentes recorrieron el pol\u00edgono del Centro de Educaci\u00f3n Ambiental \u201cUtop\u00edas Floreciendo\u201d ubicado frente a lo que fue el antiguo tiradero.<\/p>\n<p>Asistieron Alonso Jim\u00e9nez Reyes, Subsecretario de Regulaci\u00f3n Ambiental; Dra. Carmen Medel Palma, Alcaldesa de Minatitl\u00e1n, en su calidad de Presidenta del SIGIRES; Ponciano V\u00e1zquez Parissi, Alcalde de Cosoleacaque; Amado Jes\u00fas Cruz Malpica, Alcalde de Coatzacoalcos; Alonso Jim\u00e9nez Reyes, Subsecretario de Regulaci\u00f3n Ambiental de la SEMARNAT; Cuitl\u00e1huac Garc\u00eda Jim\u00e9nez, Gobernador constitucional del estado<br \/>\nde Veracruz; Mar\u00eda Luisa Albores Gonz\u00e1lez, Secretaria de Medio Ambiente y<br \/>\nRecursos Naturales; Mariana Morales Hern\u00e1ndez, Encargada del Despacho de la Direcci\u00f3n General del Instituto Nacional<br \/>\nde Ecolog\u00eda y Cambio Clim\u00e1tico y Guardianas y Guardianes de las Utop\u00edas; Alonso Jim\u00e9nez Reyes, Subsecretario de Regulaci\u00f3n Ambiental; Octavio de los Reyes Trejo, Subdirector t\u00e9cnico del SIGIRES; Carlos Mier y Ter\u00e1n Ordiales, Titular de la Unidad de Banca de<br \/>\nInversi\u00f3n (BANOBRAS) y Juan Carlos Contreras Bautista, Secretario de Medio Ambiente del<br \/>\nGobierno del Estado de Veracruz.<\/p>\n","protected":false},"excerpt":{"rendered":"<p>&gt;El compromiso con nuestro medio ambiente es de todos, asegur\u00f3 Roc\u00edo Nahle Garc\u00eda. &gt;Reconoci\u00f3 al presidente Andr\u00e9s Manuel L\u00f3pez Obrador y a la titular de Semarnat, Mar\u00eda Luisa Albores Gonz\u00e1lez. &gt;Aplaudi\u00f3 el esfuerzo del gobierno federal, del gobernador Cuitl\u00e1huac Garc\u00eda Jim\u00e9nez y de los Ayuntamientos de Minatitl\u00e1n, Cosoleacaque y Coatzacoalcos. Las Matas, Minatitl\u00e1n, Ver., viernes&#8230;<\/p>\n","protected":false},"author":2,"featured_media":3002,"comment_status":"closed","ping_status":"closed","sticky":false,"template":"","format":"standard","meta":{"_jetpack_memberships_contains_paid_content":false,"footnotes":"","jetpack_publicize_message":"","jetpack_publicize_feature_enabled":true,"jetpack_social_post_already_shared":true,"jetpack_social_options":{"image_generator_settings":{"template":"highway","default_image_id":0,"font":"","enabled":false},"version":2}},"categories":[23],"tags":[],"class_list":["post-3001","post","type-post","status-publish","format-standard","has-post-thumbnail","hentry","category-actividadesnahle"],"jetpack_publicize_connections":[],"jetpack_featured_media_url":"https:\/\/veracruzanosexcepcionahles.com\/wp-content\/uploads\/2024\/09\/WhatsApp-Image-2024-09-27-at-2.28.01-PM.jpeg","jetpack_sharing_enabled":true,"jetpack_likes_enabled":true,"jetpack_shortlink":"https:\/\/wp.me\/pe8dhK-Mp","_links":{"self":[{"href":"https:\/\/veracruzanosexcepcionahles.com\/index.php\/wp-json\/wp\/v2\/posts\/3001","targetHints":{"allow":["GET"]}}],"collection":[{"href":"https:\/\/veracruzanosexcepcionahles.com\/index.php\/wp-json\/wp\/v2\/posts"}],"about":[{"href":"https:\/\/veracruzanosexcepcionahles.com\/index.php\/wp-json\/wp\/v2\/types\/post"}],"author":[{"embeddable":true,"href":"https:\/\/veracruzanosexcepcionahles.com\/index.php\/wp-json\/wp\/v2\/users\/2"}],"replies":[{"embeddable":true,"href":"https:\/\/veracruzanosexcepcionahles.com\/index.php\/wp-json\/wp\/v2\/comments?post=3001"}],"version-history":[{"count":1,"href":"https:\/\/veracruzanosexcepcionahles.com\/index.php\/wp-json\/wp\/v2\/posts\/3001\/revisions"}],"predecessor-version":[{"id":3003,"href":"https:\/\/veracruzanosexcepcionahles.com\/index.php\/wp-json\/wp\/v2\/posts\/3001\/revisions\/3003"}],"wp:featuredmedia":[{"embeddable":true,"href":"https:\/\/veracruzanosexcepcionahles.com\/index.php\/wp-json\/wp\/v2\/media\/3002"}],"wp:attachment":[{"href":"https:\/\/veracruzanosexcepcionahles.com\/index.php\/wp-json\/wp\/v2\/media?parent=3001"}],"wp:term":[{"taxonomy":"category","embeddable":true,"href":"https:\/\/veracruzanosexcepcionahles.com\/index.php\/wp-json\/wp\/v2\/categories?post=3001"},{"taxonomy":"post_tag","embeddable":true,"href":"https:\/\/veracruzanosexcepcionahles.com\/index.php\/wp-json\/wp\/v2\/tags?post=3001"}],"curies":[{"name":"wp","href":"https:\/\/api.w.org\/{rel}","templated":true}]}}