{"id":2998,"date":"2024-09-27T15:53:28","date_gmt":"2024-09-27T21:53:28","guid":{"rendered":"https:\/\/veracruzanosexcepcionahles.com\/?p=2998"},"modified":"2024-09-27T15:53:28","modified_gmt":"2024-09-27T21:53:28","slug":"centro-de-educacion-ambiental-pone-fin-a-25-anos-de-contaminacion-en-las-matas","status":"publish","type":"post","link":"https:\/\/veracruzanosexcepcionahles.com\/index.php\/2024\/09\/27\/centro-de-educacion-ambiental-pone-fin-a-25-anos-de-contaminacion-en-las-matas\/","title":{"rendered":"Centro de Educaci\u00f3n Ambiental pone fin a 25 a\u00f1os de contaminaci\u00f3n en Las Matas"},"content":{"rendered":"<p dir=\"ltr\">*Gobierno de Veracruz y SEMARNAT cierran basurero y formalizan proyecto Utop\u00edas Floreciendo<\/p>\n<p dir=\"ltr\">*Un compromiso del Presidente y no pod\u00edamos fallar, coinciden Gobernador y secretaria Albores<\/p>\n<p>&nbsp;<\/p>\n<p dir=\"ltr\">Minatitl\u00e1n, Ver., 27 de septiembre de 2024.-\u00a0Las Matas, predio que recib\u00eda m\u00e1s de 570 toneladas diarias de basura proveniente de Coatzacoalcos, Cosoleacaque y Minatitl\u00e1n, inici\u00f3 la fase de clausura y para ello fue creado un Centro de Educaci\u00f3n Ambiental que permitir\u00e1 la transformaci\u00f3n de una conciencia social que restaure la naturaleza y el equilibrio ecol\u00f3gico mediante las decisiones correctas.<\/p>\n<p>&nbsp;<\/p>\n<p dir=\"ltr\">Antes de develar el mural que enmarca el proyecto denominado Utop\u00edas Floreciendo, el gobernador Cuitl\u00e1huac Garc\u00eda Jim\u00e9nez y la titular de la Secretar\u00eda de Medio Ambiente y Recursos Naturales (SEMARNAT), Mar\u00eda Luisa Albores Gonz\u00e1lez, celebraron cumplir as\u00ed un compromiso del presidente Andr\u00e9s Manuel L\u00f3pez Obrador con el sur de Veracruz, luego de 25 a\u00f1os de una grave problem\u00e1tica.<\/p>\n<p>&nbsp;<\/p>\n<p dir=\"ltr\">En su intervenci\u00f3n, el mandatario destac\u00f3 la clausura de 10 tiraderos abiertos durante el sexenio, la construcci\u00f3n de 14 rellenos sanitarios y la apertura de cinco centros de transferencia, donde los desechos son separados, revalorizados y aprovechados en reciclado y compostaje.<\/p>\n<p>&nbsp;<\/p>\n<p dir=\"ltr\">\u201cExisten alternativas para el tratamiento de la basura, todos podemos contribuir a mitigar el impacto ambiental si sumamos voluntad, conciencia y compromiso, de tal forma que al final generamos tambi\u00e9n empleo y una fuente de ingresos\u201d.<\/p>\n<p>&nbsp;<\/p>\n<p dir=\"ltr\">Al reconocer el trabajo del Gobernador en este rubro, la encargada de la agenda ambiental expres\u00f3 que esta acci\u00f3n parte de la visi\u00f3n humanista del Presidente, que pone en el centro a las familias y sus comunidades y significa en esta regi\u00f3n el final de un problema de salud p\u00fablica, tema que queda en las manos correctas, la gobernadora electa Roc\u00edo Nahle Garc\u00eda que garantiza la continuidad.<\/p>\n<p>&nbsp;<\/p>\n<p dir=\"ltr\">\u201cLas Matas estaba en el peor de los mundos: arriba de ductos de PEMEX, debajo de l\u00edneas de alta tensi\u00f3n, al lado de los humedales y el escurrimiento de lixiviados y metales pesados directamente al mar; eso no lo queremos volver a ver y detr\u00e1s de este mural queremos que florezca otra vez la naturaleza y que las nuevas abran su mente como lo hac\u00edan nuestros pueblos originarios\u201d, afirm\u00f3.<\/p>\n<p>&nbsp;<\/p>\n<p dir=\"ltr\">En una hect\u00e1rea de terreno, Utop\u00edas Floreciendo consta de huerto agroecol\u00f3gico, biof\u00e1brica, captadores de agua, biodigestores, ba\u00f1os secos, cocina y comedor, cancha multifuncional, talleres, auditorio y estacionamiento; la inclusi\u00f3n de la sociedad ser\u00e1 a trav\u00e9s de tianguis ambientales, campa\u00f1as de consumo responsable y actividades l\u00fadicas, art\u00edsticas y educativas.<\/p>\n<p>&nbsp;<\/p>\n<p dir=\"ltr\">Participar\u00e1n activamente los tres \u00f3rdenes de gobierno apoyados con institutos tecnol\u00f3gicos y la Universidad Veracruzana en materia de investigaci\u00f3n, capacitaci\u00f3n y servicio social de carreras afines, mientras que cada municipio tendr\u00e1 su propio sitio de disposici\u00f3n de los residuos s\u00f3lidos.<\/p>\n<p>&nbsp;<\/p>\n<p dir=\"ltr\">Las labores de saneamiento en Las Matas consistieron en la reparaci\u00f3n y mantenimiento de accesos, compactaci\u00f3n de residuos, perfilado de taludes y plataforma, aplicaci\u00f3n de cobertura y tierra vegetal, colocaci\u00f3n de geomanta y geomembrana, as\u00ed como reforestaci\u00f3n, estando en funci\u00f3n sistemas de captaci\u00f3n de lixiviados, biog\u00e1s y agua pluvial, cerco perimetral, caseta y alumbrado con energ\u00eda solar.<\/p>\n<p>&nbsp;<\/p>\n<p dir=\"ltr\">En el evento estuvieron presentes el subsecretario de Regulaci\u00f3n Ambiental de la SEMARNAT, Alonso Jim\u00e9nez Reyes; el secretario de Medio Ambiente, Juan Carlos Contreras Bautista; y los alcaldes de Minatitl\u00e1n, Carmen Medel Palma; Coatzacoalcos, Amado Jes\u00fas Cruz Malpica, y Cosoleacaque, Ponciano V\u00e1zquez Parissi.<\/p>\n","protected":false},"excerpt":{"rendered":"<p>*Gobierno de Veracruz y SEMARNAT cierran basurero y formalizan proyecto Utop\u00edas Floreciendo *Un compromiso del Presidente y no pod\u00edamos fallar, coinciden Gobernador y secretaria Albores &nbsp; Minatitl\u00e1n, Ver., 27 de septiembre de 2024.-\u00a0Las Matas, predio que recib\u00eda m\u00e1s de 570 toneladas diarias de basura proveniente de Coatzacoalcos, Cosoleacaque y Minatitl\u00e1n, inici\u00f3 la fase de clausura&#8230;<\/p>\n","protected":false},"author":2,"featured_media":2999,"comment_status":"closed","ping_status":"closed","sticky":false,"template":"","format":"standard","meta":{"_jetpack_memberships_contains_paid_content":false,"footnotes":"","jetpack_publicize_message":"","jetpack_publicize_feature_enabled":true,"jetpack_social_post_already_shared":true,"jetpack_social_options":{"image_generator_settings":{"template":"highway","default_image_id":0,"font":"","enabled":false},"version":2}},"categories":[2],"tags":[],"class_list":["post-2998","post","type-post","status-publish","format-standard","has-post-thumbnail","hentry","category-gobiernoestatal"],"jetpack_publicize_connections":[],"jetpack_featured_media_url":"https:\/\/veracruzanosexcepcionahles.com\/wp-content\/uploads\/2024\/09\/UTOPIAS-FLORECIENDO-2-scaled.jpeg","jetpack_sharing_enabled":true,"jetpack_likes_enabled":true,"jetpack_shortlink":"https:\/\/wp.me\/pe8dhK-Mm","_links":{"self":[{"href":"https:\/\/veracruzanosexcepcionahles.com\/index.php\/wp-json\/wp\/v2\/posts\/2998","targetHints":{"allow":["GET"]}}],"collection":[{"href":"https:\/\/veracruzanosexcepcionahles.com\/index.php\/wp-json\/wp\/v2\/posts"}],"about":[{"href":"https:\/\/veracruzanosexcepcionahles.com\/index.php\/wp-json\/wp\/v2\/types\/post"}],"author":[{"embeddable":true,"href":"https:\/\/veracruzanosexcepcionahles.com\/index.php\/wp-json\/wp\/v2\/users\/2"}],"replies":[{"embeddable":true,"href":"https:\/\/veracruzanosexcepcionahles.com\/index.php\/wp-json\/wp\/v2\/comments?post=2998"}],"version-history":[{"count":1,"href":"https:\/\/veracruzanosexcepcionahles.com\/index.php\/wp-json\/wp\/v2\/posts\/2998\/revisions"}],"predecessor-version":[{"id":3000,"href":"https:\/\/veracruzanosexcepcionahles.com\/index.php\/wp-json\/wp\/v2\/posts\/2998\/revisions\/3000"}],"wp:featuredmedia":[{"embeddable":true,"href":"https:\/\/veracruzanosexcepcionahles.com\/index.php\/wp-json\/wp\/v2\/media\/2999"}],"wp:attachment":[{"href":"https:\/\/veracruzanosexcepcionahles.com\/index.php\/wp-json\/wp\/v2\/media?parent=2998"}],"wp:term":[{"taxonomy":"category","embeddable":true,"href":"https:\/\/veracruzanosexcepcionahles.com\/index.php\/wp-json\/wp\/v2\/categories?post=2998"},{"taxonomy":"post_tag","embeddable":true,"href":"https:\/\/veracruzanosexcepcionahles.com\/index.php\/wp-json\/wp\/v2\/tags?post=2998"}],"curies":[{"name":"wp","href":"https:\/\/api.w.org\/{rel}","templated":true}]}}