{"id":2951,"date":"2024-09-20T13:39:32","date_gmt":"2024-09-20T19:39:32","guid":{"rendered":"https:\/\/veracruzanosexcepcionahles.com\/?p=2951"},"modified":"2024-09-20T13:39:32","modified_gmt":"2024-09-20T19:39:32","slug":"cuitlahuac-y-nahle-presumen-inauguracion-de-tren-maya","status":"publish","type":"post","link":"https:\/\/veracruzanosexcepcionahles.com\/index.php\/2024\/09\/20\/cuitlahuac-y-nahle-presumen-inauguracion-de-tren-maya\/","title":{"rendered":"Cuitl\u00e1huac y Nahle presumen inauguraci\u00f3n de Tren Maya"},"content":{"rendered":"<p>Xalapa, Ver., 20\/09\/24.- El gobernador Cuitl\u00e1huac Garc\u00eda Jim\u00e9nez y la gobernadora electa, Roc\u00edo Nahle Garc\u00eda, figuras clave en la transformaci\u00f3n de Veracruz, son invitados de honor para recorrer el ic\u00f3nico tramo Canc\u00fan-M\u00e9rida a bordo del majestuoso Tren Maya. Este imponente convoy de siete vagones, s\u00edmbolo de modernidad y desarrollo nacional, los llevar\u00e1 tambi\u00e9n al exclusivo hotel Tren Maya Chich\u00e9n Itz\u00e1.<\/p>\n<p>Desde la terminal, mediante un video difundido en redes sociales, https:\/\/n9.cl\/u2sg4v, los mandatarios saliente y entrante destacaron que acompa\u00f1an al presidente Andr\u00e9s Manuel L\u00f3pez Obrador y a la presidenta electa, Claudia Sheinbaum Pardo, en una inspecci\u00f3n de la obra hist\u00f3rica.<\/p>\n<p>\u201cEste tren es producido con orgullo en M\u00e9xico, cuenta con tecnolog\u00eda de primera. El modelo puede alcanzar una velocidad m\u00e1xima de 160 kil\u00f3metros por hora y tiene capacidad para 300 pasajeros distribuidos en siete vagones\u201d, subray\u00f3 Cuitl\u00e1huac Garc\u00eda.<\/p>\n<p>El Gobernador tambi\u00e9n subray\u00f3 la importancia del Tren Interoce\u00e1nico en Veracruz, que conecta de manera estrat\u00e9gica la l\u00ednea FA de 328 kil\u00f3metros entre Coatzacoalcos y Pakal-Na (Palenque), dejando sellado el compromiso de pronto recorrer el trayecto.<\/p>\n<p>Durante la conferencia matutina de este viernes, el presidente L\u00f3pez Obrador elogi\u00f3 la eficiencia y velocidad del Tren Maya, poniendo como ejemplo un viaje de Palenque a Canc\u00fan. \u201cUn trayecto de 940 kil\u00f3metros que se completa en 10 horas, gracias a la avanzada tecnolog\u00eda del tren. Mientras que en autob\u00fas tomar\u00eda 14, este tren permite disfrutar de un viaje m\u00e1s c\u00f3modo, eficiente y r\u00e1pido\u201d, explic\u00f3.<\/p>\n<p><iframe loading=\"lazy\" title=\"Cuitl\u00e1huac y Nahle presumen inauguraci\u00f3n de Tren Maya\" width=\"640\" height=\"360\" src=\"https:\/\/www.youtube.com\/embed\/rFd95oPdM1E?feature=oembed\" frameborder=\"0\" allow=\"accelerometer; autoplay; clipboard-write; encrypted-media; gyroscope; picture-in-picture; web-share\" referrerpolicy=\"strict-origin-when-cross-origin\" allowfullscreen><\/iframe><\/p>\n","protected":false},"excerpt":{"rendered":"<p>Xalapa, Ver., 20\/09\/24.- El gobernador Cuitl\u00e1huac Garc\u00eda Jim\u00e9nez y la gobernadora electa, Roc\u00edo Nahle Garc\u00eda, figuras clave en la transformaci\u00f3n de Veracruz, son invitados de honor para recorrer el ic\u00f3nico tramo Canc\u00fan-M\u00e9rida a bordo del majestuoso Tren Maya. Este imponente convoy de siete vagones, s\u00edmbolo de modernidad y desarrollo nacional, los llevar\u00e1 tambi\u00e9n al exclusivo&#8230;<\/p>\n","protected":false},"author":2,"featured_media":2952,"comment_status":"closed","ping_status":"closed","sticky":false,"template":"","format":"standard","meta":{"_jetpack_memberships_contains_paid_content":false,"footnotes":"","jetpack_publicize_message":"","jetpack_publicize_feature_enabled":true,"jetpack_social_post_already_shared":true,"jetpack_social_options":{"image_generator_settings":{"template":"highway","default_image_id":0,"font":"","enabled":false},"version":2}},"categories":[23],"tags":[],"class_list":["post-2951","post","type-post","status-publish","format-standard","has-post-thumbnail","hentry","category-actividadesnahle"],"jetpack_publicize_connections":[],"jetpack_featured_media_url":"https:\/\/veracruzanosexcepcionahles.com\/wp-content\/uploads\/2024\/09\/WhatsApp-Image-2024-09-20-at-1.35.35-PM.jpeg","jetpack_sharing_enabled":true,"jetpack_likes_enabled":true,"jetpack_shortlink":"https:\/\/wp.me\/pe8dhK-LB","_links":{"self":[{"href":"https:\/\/veracruzanosexcepcionahles.com\/index.php\/wp-json\/wp\/v2\/posts\/2951","targetHints":{"allow":["GET"]}}],"collection":[{"href":"https:\/\/veracruzanosexcepcionahles.com\/index.php\/wp-json\/wp\/v2\/posts"}],"about":[{"href":"https:\/\/veracruzanosexcepcionahles.com\/index.php\/wp-json\/wp\/v2\/types\/post"}],"author":[{"embeddable":true,"href":"https:\/\/veracruzanosexcepcionahles.com\/index.php\/wp-json\/wp\/v2\/users\/2"}],"replies":[{"embeddable":true,"href":"https:\/\/veracruzanosexcepcionahles.com\/index.php\/wp-json\/wp\/v2\/comments?post=2951"}],"version-history":[{"count":1,"href":"https:\/\/veracruzanosexcepcionahles.com\/index.php\/wp-json\/wp\/v2\/posts\/2951\/revisions"}],"predecessor-version":[{"id":2953,"href":"https:\/\/veracruzanosexcepcionahles.com\/index.php\/wp-json\/wp\/v2\/posts\/2951\/revisions\/2953"}],"wp:featuredmedia":[{"embeddable":true,"href":"https:\/\/veracruzanosexcepcionahles.com\/index.php\/wp-json\/wp\/v2\/media\/2952"}],"wp:attachment":[{"href":"https:\/\/veracruzanosexcepcionahles.com\/index.php\/wp-json\/wp\/v2\/media?parent=2951"}],"wp:term":[{"taxonomy":"category","embeddable":true,"href":"https:\/\/veracruzanosexcepcionahles.com\/index.php\/wp-json\/wp\/v2\/categories?post=2951"},{"taxonomy":"post_tag","embeddable":true,"href":"https:\/\/veracruzanosexcepcionahles.com\/index.php\/wp-json\/wp\/v2\/tags?post=2951"}],"curies":[{"name":"wp","href":"https:\/\/api.w.org\/{rel}","templated":true}]}}