{"id":2917,"date":"2024-09-16T13:03:31","date_gmt":"2024-09-16T19:03:31","guid":{"rendered":"https:\/\/veracruzanosexcepcionahles.com\/?p=2917"},"modified":"2024-09-16T13:03:31","modified_gmt":"2024-09-16T19:03:31","slug":"el-gobernador-cuitlahuac-garcia-jimenez-monta-guardia-de-honor-ante-el-monumento-a-miguel-hidalgo-y-costilla","status":"publish","type":"post","link":"https:\/\/veracruzanosexcepcionahles.com\/index.php\/2024\/09\/16\/el-gobernador-cuitlahuac-garcia-jimenez-monta-guardia-de-honor-ante-el-monumento-a-miguel-hidalgo-y-costilla\/","title":{"rendered":"El Gobernador Cuitl\u00e1huac Garc\u00eda Jim\u00e9nez monta guardia de honor ante el monumento a Miguel Hidalgo y Costilla."},"content":{"rendered":"<p>El Gobernador Cuitl\u00e1huac Garc\u00eda Jim\u00e9nez monta guardia de honor ante el monumento a Miguel Hidalgo y Costilla, asimismo deposit\u00f3 una ofrenda floral, acompa\u00f1ado de integrantes de su gabinete.<\/p>\n","protected":false},"excerpt":{"rendered":"<p>El Gobernador Cuitl\u00e1huac Garc\u00eda Jim\u00e9nez monta guardia de honor ante el monumento a Miguel Hidalgo y Costilla, asimismo deposit\u00f3 una ofrenda floral, acompa\u00f1ado de integrantes de su gabinete.<\/p>\n","protected":false},"author":2,"featured_media":2918,"comment_status":"closed","ping_status":"closed","sticky":false,"template":"","format":"standard","meta":{"_jetpack_memberships_contains_paid_content":false,"footnotes":"","jetpack_publicize_message":"","jetpack_publicize_feature_enabled":true,"jetpack_social_post_already_shared":true,"jetpack_social_options":{"image_generator_settings":{"template":"highway","default_image_id":0,"font":"","enabled":false},"version":2}},"categories":[2],"tags":[],"class_list":["post-2917","post","type-post","status-publish","format-standard","has-post-thumbnail","hentry","category-gobiernoestatal"],"jetpack_publicize_connections":[],"jetpack_featured_media_url":"https:\/\/veracruzanosexcepcionahles.com\/wp-content\/uploads\/2024\/09\/WhatsApp-Image-2024-09-16-at-9.36.34-AM-1-scaled.jpeg","jetpack_sharing_enabled":true,"jetpack_likes_enabled":true,"jetpack_shortlink":"https:\/\/wp.me\/pe8dhK-L3","_links":{"self":[{"href":"https:\/\/veracruzanosexcepcionahles.com\/index.php\/wp-json\/wp\/v2\/posts\/2917","targetHints":{"allow":["GET"]}}],"collection":[{"href":"https:\/\/veracruzanosexcepcionahles.com\/index.php\/wp-json\/wp\/v2\/posts"}],"about":[{"href":"https:\/\/veracruzanosexcepcionahles.com\/index.php\/wp-json\/wp\/v2\/types\/post"}],"author":[{"embeddable":true,"href":"https:\/\/veracruzanosexcepcionahles.com\/index.php\/wp-json\/wp\/v2\/users\/2"}],"replies":[{"embeddable":true,"href":"https:\/\/veracruzanosexcepcionahles.com\/index.php\/wp-json\/wp\/v2\/comments?post=2917"}],"version-history":[{"count":1,"href":"https:\/\/veracruzanosexcepcionahles.com\/index.php\/wp-json\/wp\/v2\/posts\/2917\/revisions"}],"predecessor-version":[{"id":2919,"href":"https:\/\/veracruzanosexcepcionahles.com\/index.php\/wp-json\/wp\/v2\/posts\/2917\/revisions\/2919"}],"wp:featuredmedia":[{"embeddable":true,"href":"https:\/\/veracruzanosexcepcionahles.com\/index.php\/wp-json\/wp\/v2\/media\/2918"}],"wp:attachment":[{"href":"https:\/\/veracruzanosexcepcionahles.com\/index.php\/wp-json\/wp\/v2\/media?parent=2917"}],"wp:term":[{"taxonomy":"category","embeddable":true,"href":"https:\/\/veracruzanosexcepcionahles.com\/index.php\/wp-json\/wp\/v2\/categories?post=2917"},{"taxonomy":"post_tag","embeddable":true,"href":"https:\/\/veracruzanosexcepcionahles.com\/index.php\/wp-json\/wp\/v2\/tags?post=2917"}],"curies":[{"name":"wp","href":"https:\/\/api.w.org\/{rel}","templated":true}]}}