{"id":2914,"date":"2024-09-16T12:48:32","date_gmt":"2024-09-16T18:48:32","guid":{"rendered":"https:\/\/veracruzanosexcepcionahles.com\/?p=2914"},"modified":"2024-09-16T12:48:32","modified_gmt":"2024-09-16T18:48:32","slug":"el-presidente-lopez-obrador-deja-un-mexico-soberano-democratico-y-de-libertades-gomez-cazarin","status":"publish","type":"post","link":"https:\/\/veracruzanosexcepcionahles.com\/index.php\/2024\/09\/16\/el-presidente-lopez-obrador-deja-un-mexico-soberano-democratico-y-de-libertades-gomez-cazarin\/","title":{"rendered":"El presidente L\u00f3pez Obrador deja un M\u00e9xico soberano, democr\u00e1tico y de libertades: G\u00f3mez Cazar\u00edn"},"content":{"rendered":"<p>-En Veracruz, el gobernador Cuitl\u00e1huac Garc\u00eda, con el ejemplo del Ejecutivo federal, ha transformado a Veracruz, rescatando la dignidad y grandeza de nuestro estado, dijo el Legislador<\/p>\n<p>Xalapa, Veracruz, 15 de septiembre de 2024.- El presidente Andr\u00e9s Manuel L\u00f3pez Obrador nos deja un M\u00e9xico soberano, independiente, democr\u00e1tico y de libertades, acordes a los ideales del movimiento independentista que nos dio Patria, reconoci\u00f3 el diputado Juan Javier G\u00f3mez Cazar\u00edn, presidente de la Junta de Coordinaci\u00f3n Pol\u00edtica, del Congreso local.<\/p>\n<p>En Veracruz, dijo, el gobernador Cuitl\u00e1huac Garc\u00eda Jim\u00e9nez ha seguido los pasos del presidente L\u00f3pez Obrador para transformar a Veracruz, rescatando la dignidad y grandeza de nuestro estado.<\/p>\n<p>&#8220;Estamos orgullosos de nuestro Presidente y del Gobernador; ambos han trabajado sin descanso y con profundo amor por nuestro pa\u00eds y estado, actuando con principios y valores inquebrantables, como en su momento lo han hecho quienes han construido la historia nacional&#8221;, destac\u00f3, tras participar en el Grito de Independencia en Plaza Lerdo, invitado por el titular del Poder Ejecutivo estatal.<\/p>\n<p>Juan Javier G\u00f3mez Cazar\u00edn resalt\u00f3 que la historia moderna plasmar\u00e1 lo realizado en el primer piso de la transformaci\u00f3n; M\u00e9xico y Veracruz cambiaron radicalmente en seis a\u00f1os, ahora se abrir\u00e1 una nueva p\u00e1gina donde el pr\u00f3ximo a\u00f1o ser\u00e1n dos extraordinarias mujeres quienes defender\u00e1n la soberan\u00eda e independencia nacional, como lo ser\u00e1n la presidenta Claudia Sheinbaum y la gobernadora Roc\u00edo Nahle.<\/p>\n","protected":false},"excerpt":{"rendered":"<p>-En Veracruz, el gobernador Cuitl\u00e1huac Garc\u00eda, con el ejemplo del Ejecutivo federal, ha transformado a Veracruz, rescatando la dignidad y grandeza de nuestro estado, dijo el Legislador Xalapa, Veracruz, 15 de septiembre de 2024.- El presidente Andr\u00e9s Manuel L\u00f3pez Obrador nos deja un M\u00e9xico soberano, independiente, democr\u00e1tico y de libertades, acordes a los ideales del&#8230;<\/p>\n","protected":false},"author":2,"featured_media":2915,"comment_status":"closed","ping_status":"closed","sticky":false,"template":"","format":"standard","meta":{"_jetpack_memberships_contains_paid_content":false,"footnotes":"","jetpack_publicize_message":"","jetpack_publicize_feature_enabled":true,"jetpack_social_post_already_shared":true,"jetpack_social_options":{"image_generator_settings":{"template":"highway","default_image_id":0,"font":"","enabled":false},"version":2}},"categories":[3],"tags":[],"class_list":["post-2914","post","type-post","status-publish","format-standard","has-post-thumbnail","hentry","category-politica"],"jetpack_publicize_connections":[],"jetpack_featured_media_url":"https:\/\/veracruzanosexcepcionahles.com\/wp-content\/uploads\/2024\/09\/WhatsApp-Image-2024-09-16-at-9.27.51-AM.jpeg","jetpack_sharing_enabled":true,"jetpack_likes_enabled":true,"jetpack_shortlink":"https:\/\/wp.me\/pe8dhK-L0","_links":{"self":[{"href":"https:\/\/veracruzanosexcepcionahles.com\/index.php\/wp-json\/wp\/v2\/posts\/2914","targetHints":{"allow":["GET"]}}],"collection":[{"href":"https:\/\/veracruzanosexcepcionahles.com\/index.php\/wp-json\/wp\/v2\/posts"}],"about":[{"href":"https:\/\/veracruzanosexcepcionahles.com\/index.php\/wp-json\/wp\/v2\/types\/post"}],"author":[{"embeddable":true,"href":"https:\/\/veracruzanosexcepcionahles.com\/index.php\/wp-json\/wp\/v2\/users\/2"}],"replies":[{"embeddable":true,"href":"https:\/\/veracruzanosexcepcionahles.com\/index.php\/wp-json\/wp\/v2\/comments?post=2914"}],"version-history":[{"count":1,"href":"https:\/\/veracruzanosexcepcionahles.com\/index.php\/wp-json\/wp\/v2\/posts\/2914\/revisions"}],"predecessor-version":[{"id":2916,"href":"https:\/\/veracruzanosexcepcionahles.com\/index.php\/wp-json\/wp\/v2\/posts\/2914\/revisions\/2916"}],"wp:featuredmedia":[{"embeddable":true,"href":"https:\/\/veracruzanosexcepcionahles.com\/index.php\/wp-json\/wp\/v2\/media\/2915"}],"wp:attachment":[{"href":"https:\/\/veracruzanosexcepcionahles.com\/index.php\/wp-json\/wp\/v2\/media?parent=2914"}],"wp:term":[{"taxonomy":"category","embeddable":true,"href":"https:\/\/veracruzanosexcepcionahles.com\/index.php\/wp-json\/wp\/v2\/categories?post=2914"},{"taxonomy":"post_tag","embeddable":true,"href":"https:\/\/veracruzanosexcepcionahles.com\/index.php\/wp-json\/wp\/v2\/tags?post=2914"}],"curies":[{"name":"wp","href":"https:\/\/api.w.org\/{rel}","templated":true}]}}