{"id":2907,"date":"2024-09-16T12:37:50","date_gmt":"2024-09-16T18:37:50","guid":{"rendered":"https:\/\/veracruzanosexcepcionahles.com\/?p=2907"},"modified":"2024-09-16T12:37:50","modified_gmt":"2024-09-16T18:37:50","slug":"en-veracruz-la-soberania-nacional-y-la-justicia-son-primero-cuitlahuac-garcia","status":"publish","type":"post","link":"https:\/\/veracruzanosexcepcionahles.com\/index.php\/2024\/09\/16\/en-veracruz-la-soberania-nacional-y-la-justicia-son-primero-cuitlahuac-garcia\/","title":{"rendered":"En Veracruz, la soberan\u00eda nacional y la justicia son primero: Cuitl\u00e1huac Garc\u00eda"},"content":{"rendered":"<p dir=\"ltr\">*Este lunes, desfile Conmemorativo del 214 Aniversario del Inicio de la Independencia a las 10:30<\/p>\n<p>&nbsp;<\/p>\n<p dir=\"ltr\">Xalapa, Ver., 15 de septiembre de 2024.- Al grito de \u201c\u00a1Viva el pueblo heroico de Veracruz!\u201d y \u201c\u00a1Viva la defensa de la soberan\u00eda!\u201d, el gobernador Cuitl\u00e1huac Garc\u00eda Jim\u00e9nez dirigi\u00f3 su \u00faltima arenga a las y los veracruzanos desde el balc\u00f3n central de la sede del Poder Ejecutivo, por el 214 Aniversario del Inicio de la Independencia de M\u00e9xico.<\/p>\n<p>&nbsp;<\/p>\n<p dir=\"ltr\">En emotivo tributo a los h\u00e9roes de la patria evoc\u00f3 a Epigmenio Gonz\u00e1lez, Ignacio Allende, Juan Aldama, Jos\u00e9 Mar\u00eda Morelos y Pav\u00f3n, Vicente Guerrero, Josefa Ortiz de Dom\u00ednguez y Miguel Hidalgo y Costilla, as\u00ed como tres fervorosos \u201c\u00a1Viva M\u00e9xico!\u201d que resonaron con fuerza en la Plaza Sebasti\u00e1n Lerdo de Tejada, acto seguido fue entonado el Himno Nacional al un\u00edsono.<\/p>\n<p>&nbsp;<\/p>\n<p dir=\"ltr\">A esta fiesta c\u00edvica, asisti\u00f3 la gobernadora electa como invitada especial del mandatario, Roc\u00edo Nahle Garc\u00eda, adem\u00e1s, mandos militares y navales; los titulares de los poderes Legislativo, Judicial y del Gabinete ampliado, quienes han sido part\u00edcipes de la Cuarta Transformaci\u00f3n.<\/p>\n<p>&nbsp;<\/p>\n<p dir=\"ltr\">La ceremonia toma mayor relevancia en el marco de la firma del decreto para la publicaci\u00f3n en el Diario Oficial de la Federaci\u00f3n de la reforma constitucional al Poder Judicial suscrita por el presidente Andr\u00e9s Manuel L\u00f3pez Obrador este domingo; reiterando el compromiso de garantizar el acceso equitativo a la justicia y un pa\u00eds en el que exista un aut\u00e9ntico estado de derecho y no una simulaci\u00f3n.<\/p>\n<p>&nbsp;<\/p>\n<p dir=\"ltr\">Simult\u00e1neamente, los municipios de la entidad celebraron las Fiestas Patrias en armon\u00eda gracias al operativo de vigilancia desplegado por el Gobierno de Veracruz en el que participan 2 mil 994 elementos de Seguridad P\u00fablica, de los cuales son 310 elementos, 102 unidades, 11 ambulancias y siete unidades contra incendio en la capital.<\/p>\n<p>&nbsp;<\/p>\n<p dir=\"ltr\">A primera hora de este lunes, el Ejecutivo montar\u00e1 Guardia de Honor y depositar\u00e1 la ofrenda floral en memoria del Padre de la Patria, Miguel Hidalgo y Costilla, en el Parque de Los Berros, y despu\u00e9s, el desfile c\u00edvico-militar en conmemoraci\u00f3n del movimiento insurgente.<\/p>\n","protected":false},"excerpt":{"rendered":"<p>*Este lunes, desfile Conmemorativo del 214 Aniversario del Inicio de la Independencia a las 10:30 &nbsp; Xalapa, Ver., 15 de septiembre de 2024.- Al grito de \u201c\u00a1Viva el pueblo heroico de Veracruz!\u201d y \u201c\u00a1Viva la defensa de la soberan\u00eda!\u201d, el gobernador Cuitl\u00e1huac Garc\u00eda Jim\u00e9nez dirigi\u00f3 su \u00faltima arenga a las y los veracruzanos desde el&#8230;<\/p>\n","protected":false},"author":2,"featured_media":2908,"comment_status":"closed","ping_status":"closed","sticky":false,"template":"","format":"standard","meta":{"_jetpack_memberships_contains_paid_content":false,"footnotes":"","jetpack_publicize_message":"","jetpack_publicize_feature_enabled":true,"jetpack_social_post_already_shared":true,"jetpack_social_options":{"image_generator_settings":{"template":"highway","default_image_id":0,"font":"","enabled":false},"version":2}},"categories":[2],"tags":[],"class_list":["post-2907","post","type-post","status-publish","format-standard","has-post-thumbnail","hentry","category-gobiernoestatal"],"jetpack_publicize_connections":[],"jetpack_featured_media_url":"https:\/\/veracruzanosexcepcionahles.com\/wp-content\/uploads\/2024\/09\/214-ANIVERSARIO-DE-LA-INDEPENDENCIA-15-scaled.jpeg","jetpack_sharing_enabled":true,"jetpack_likes_enabled":true,"jetpack_shortlink":"https:\/\/wp.me\/pe8dhK-KT","_links":{"self":[{"href":"https:\/\/veracruzanosexcepcionahles.com\/index.php\/wp-json\/wp\/v2\/posts\/2907","targetHints":{"allow":["GET"]}}],"collection":[{"href":"https:\/\/veracruzanosexcepcionahles.com\/index.php\/wp-json\/wp\/v2\/posts"}],"about":[{"href":"https:\/\/veracruzanosexcepcionahles.com\/index.php\/wp-json\/wp\/v2\/types\/post"}],"author":[{"embeddable":true,"href":"https:\/\/veracruzanosexcepcionahles.com\/index.php\/wp-json\/wp\/v2\/users\/2"}],"replies":[{"embeddable":true,"href":"https:\/\/veracruzanosexcepcionahles.com\/index.php\/wp-json\/wp\/v2\/comments?post=2907"}],"version-history":[{"count":2,"href":"https:\/\/veracruzanosexcepcionahles.com\/index.php\/wp-json\/wp\/v2\/posts\/2907\/revisions"}],"predecessor-version":[{"id":2910,"href":"https:\/\/veracruzanosexcepcionahles.com\/index.php\/wp-json\/wp\/v2\/posts\/2907\/revisions\/2910"}],"wp:featuredmedia":[{"embeddable":true,"href":"https:\/\/veracruzanosexcepcionahles.com\/index.php\/wp-json\/wp\/v2\/media\/2908"}],"wp:attachment":[{"href":"https:\/\/veracruzanosexcepcionahles.com\/index.php\/wp-json\/wp\/v2\/media?parent=2907"}],"wp:term":[{"taxonomy":"category","embeddable":true,"href":"https:\/\/veracruzanosexcepcionahles.com\/index.php\/wp-json\/wp\/v2\/categories?post=2907"},{"taxonomy":"post_tag","embeddable":true,"href":"https:\/\/veracruzanosexcepcionahles.com\/index.php\/wp-json\/wp\/v2\/tags?post=2907"}],"curies":[{"name":"wp","href":"https:\/\/api.w.org\/{rel}","templated":true}]}}